{"id":883,"date":"2018-12-13T11:05:58","date_gmt":"2018-12-13T11:05:58","guid":{"rendered":"https:\/\/wohnmobil-world.de\/?p=883"},"modified":"2018-12-19T13:03:51","modified_gmt":"2018-12-19T13:03:51","slug":"sunlight-i-69-s","status":"publish","type":"post","link":"https:\/\/www.wohnmobil-world.de\/index.php\/2018\/12\/13\/sunlight-i-69-s\/","title":{"rendered":"Der Sunlight I 69 S im Fahrbericht"},"content":{"rendered":"\r\n<p class=\"wp-block-paragraph\">Sunlight Reisemobile und Camper Vans\u00a0 sind Fahrzeuge im Einstiegssegment. Die Marke will Dynamik, Abenteuerlust, sportliche Aktivit\u00e4t und au\u00dfergew\u00f6hnliche Erlebnisse verk\u00f6rpern. Aber ist das tats\u00e4chlich so?<!--more--><\/p>\r\n<p>&nbsp;<\/p>\r\n<p><iframe loading=\"lazy\" src=\"https:\/\/www.youtube.com\/embed\/TDxSzyoManc\" width=\"560\" height=\"315\" frameborder=\"0\" allowfullscreen=\"allowfullscreen\"><\/iframe><\/p>\r\n<p>&nbsp;<\/p>\r\n<p>Der <strong>neue Integrierte I 69 S<\/strong> misst 698 Zentimeter L\u00e4nge und verf\u00fcgt \u00fcber ein <strong>Queensbett im Heck<\/strong>. Platzsparend und flexibel ist das herabsenkbare Hubbett, in dem zwei weitere Personen Platz finden. Da Fahrerhaus und Wohnraum flie\u00dfend ineinander \u00fcbergehen, entsteht durchaus ein luftiges Raumgef\u00fchl mit viel Platz und Bewegungsfreiheit. Das Interieur mit einem neuen Eingangsbereich wurde zum Modelljahr 2019 aufgewertet. Kleiderhaken, ein Spiegel und indirekte Beleuchtung vereinen ein attraktives Ambiente mit hoher Funktionalit\u00e4t. Eine seitliche Holzwange an der Sitzgruppe sorgt f\u00fcr eine hochwertige Optik und ein LED-Streifen entlang der R\u00fcckenlehne erzeugt eine gem\u00fctliche Lichtatmosph\u00e4re. Auch der Durchgang zum Fahrerhaus wurde vergr\u00f6\u00dfert, so dass sich der Raum \u00f6ffnet. Was etwas st\u00f6rt, ist die Stufe, die sich aus der &#8222;abgesenkten K\u00fcche&#8220; ergibt. Das sorgte, zumindest am Anfang, f\u00fcr den einen oder anderen Stolperer, wenn man die einzelnen Bereiche des Wohnmobils wechselt.<\/p>\r\n<p>&nbsp;<\/p>\r\n<p><a href=\"https:\/\/www.wohnmobil-world.de\/wp-content\/uploads\/2018\/11\/IMG_1640_1200x900.jpg\"><img loading=\"lazy\" decoding=\"async\" class=\"alignnone size-medium wp-image-831\" src=\"https:\/\/www.wohnmobil-world.de\/wp-content\/uploads\/2018\/11\/IMG_1640_1200x900-300x225.jpg\" alt=\"\" width=\"300\" height=\"225\" srcset=\"https:\/\/www.wohnmobil-world.de\/wp-content\/uploads\/2018\/11\/IMG_1640_1200x900-300x225.jpg 300w, https:\/\/www.wohnmobil-world.de\/wp-content\/uploads\/2018\/11\/IMG_1640_1200x900-768x576.jpg 768w, https:\/\/www.wohnmobil-world.de\/wp-content\/uploads\/2018\/11\/IMG_1640_1200x900-1024x768.jpg 1024w, https:\/\/www.wohnmobil-world.de\/wp-content\/uploads\/2018\/11\/IMG_1640_1200x900-120x90.jpg 120w, https:\/\/www.wohnmobil-world.de\/wp-content\/uploads\/2018\/11\/IMG_1640_1200x900.jpg 1200w\" sizes=\"auto, (max-width: 300px) 100vw, 300px\" \/><\/a> <a href=\"https:\/\/www.wohnmobil-world.de\/wp-content\/uploads\/2018\/11\/IMG_1641_1200x900.jpg\"><img loading=\"lazy\" decoding=\"async\" class=\"alignnone size-medium wp-image-832\" src=\"https:\/\/www.wohnmobil-world.de\/wp-content\/uploads\/2018\/11\/IMG_1641_1200x900-300x225.jpg\" alt=\"\" width=\"300\" height=\"225\" srcset=\"https:\/\/www.wohnmobil-world.de\/wp-content\/uploads\/2018\/11\/IMG_1641_1200x900-300x225.jpg 300w, https:\/\/www.wohnmobil-world.de\/wp-content\/uploads\/2018\/11\/IMG_1641_1200x900-768x576.jpg 768w, https:\/\/www.wohnmobil-world.de\/wp-content\/uploads\/2018\/11\/IMG_1641_1200x900-1024x768.jpg 1024w, https:\/\/www.wohnmobil-world.de\/wp-content\/uploads\/2018\/11\/IMG_1641_1200x900-120x90.jpg 120w, https:\/\/www.wohnmobil-world.de\/wp-content\/uploads\/2018\/11\/IMG_1641_1200x900.jpg 1200w\" sizes=\"auto, (max-width: 300px) 100vw, 300px\" \/><\/a> <a href=\"https:\/\/www.wohnmobil-world.de\/wp-content\/uploads\/2018\/11\/IMG_1626_1200x900.jpg\"><img loading=\"lazy\" decoding=\"async\" class=\"alignnone size-medium wp-image-818\" src=\"https:\/\/www.wohnmobil-world.de\/wp-content\/uploads\/2018\/11\/IMG_1626_1200x900-300x225.jpg\" alt=\"\" width=\"300\" height=\"225\" srcset=\"https:\/\/www.wohnmobil-world.de\/wp-content\/uploads\/2018\/11\/IMG_1626_1200x900-300x225.jpg 300w, https:\/\/www.wohnmobil-world.de\/wp-content\/uploads\/2018\/11\/IMG_1626_1200x900-768x576.jpg 768w, https:\/\/www.wohnmobil-world.de\/wp-content\/uploads\/2018\/11\/IMG_1626_1200x900-1024x768.jpg 1024w, https:\/\/www.wohnmobil-world.de\/wp-content\/uploads\/2018\/11\/IMG_1626_1200x900-120x90.jpg 120w, https:\/\/www.wohnmobil-world.de\/wp-content\/uploads\/2018\/11\/IMG_1626_1200x900.jpg 1200w\" sizes=\"auto, (max-width: 300px) 100vw, 300px\" \/><\/a><\/p>\r\n<p>&nbsp;<\/p>\r\n<h4>Was ist neu?<\/h4>\r\n<p>&nbsp;<\/p>\r\n<p>Das Innenwanddekor \u00e4nderte sich beim<strong> neuen Modelljahr<\/strong> von Beige zu Wei\u00df und bringt so mehr Helligkeit und Modernit\u00e4t in den Raum. Mit einem optimal positionierten Bedienpanel, das die verschiedenen Funktionen im Wohnraum kombiniert, ist eine <strong>praktische Schaltzentrale<\/strong> entstanden. Apropos Technik: Eine von vielen herbeigesehnte \u00c4nderung ist die Neupositionierung der USB-Steckdose an der Oberseite der R\u00fcckenlehne. Mit angenehmen Graut\u00f6nen l\u00f6st die neue Wohnwelt Maui Beach die bisherige Stoffkombination ab und wirkt deswegen moderner. Eine <strong>neue, stylische LED-Wohnraumleuchte<\/strong> geh\u00f6rt ab sofort ebenso zur Serienausstattung, wie eine Kleiderstange im Bad.<\/p>\r\n<p>&nbsp;<\/p>\r\n<p><a href=\"https:\/\/www.wohnmobil-world.de\/wp-content\/uploads\/2018\/11\/IMG_1621_1200x900.jpg\"><img loading=\"lazy\" decoding=\"async\" class=\"alignnone size-medium wp-image-813\" src=\"https:\/\/www.wohnmobil-world.de\/wp-content\/uploads\/2018\/11\/IMG_1621_1200x900-300x225.jpg\" alt=\"\" width=\"300\" height=\"225\" srcset=\"https:\/\/www.wohnmobil-world.de\/wp-content\/uploads\/2018\/11\/IMG_1621_1200x900-300x225.jpg 300w, https:\/\/www.wohnmobil-world.de\/wp-content\/uploads\/2018\/11\/IMG_1621_1200x900-768x576.jpg 768w, https:\/\/www.wohnmobil-world.de\/wp-content\/uploads\/2018\/11\/IMG_1621_1200x900-1024x768.jpg 1024w, https:\/\/www.wohnmobil-world.de\/wp-content\/uploads\/2018\/11\/IMG_1621_1200x900-120x90.jpg 120w, https:\/\/www.wohnmobil-world.de\/wp-content\/uploads\/2018\/11\/IMG_1621_1200x900.jpg 1200w\" sizes=\"auto, (max-width: 300px) 100vw, 300px\" \/><\/a> <a href=\"https:\/\/www.wohnmobil-world.de\/wp-content\/uploads\/2018\/11\/IMG_1622_1200x900-e1544703977524.jpg\"><img loading=\"lazy\" decoding=\"async\" class=\"alignnone size-medium wp-image-814\" src=\"https:\/\/www.wohnmobil-world.de\/wp-content\/uploads\/2018\/11\/IMG_1622_1200x900-e1544703977524-225x300.jpg\" alt=\"\" width=\"225\" height=\"300\" srcset=\"https:\/\/www.wohnmobil-world.de\/wp-content\/uploads\/2018\/11\/IMG_1622_1200x900-e1544703977524-225x300.jpg 225w, https:\/\/www.wohnmobil-world.de\/wp-content\/uploads\/2018\/11\/IMG_1622_1200x900-e1544703977524-768x1024.jpg 768w, https:\/\/www.wohnmobil-world.de\/wp-content\/uploads\/2018\/11\/IMG_1622_1200x900-e1544703977524.jpg 900w\" sizes=\"auto, (max-width: 225px) 100vw, 225px\" \/><\/a> <a href=\"https:\/\/www.wohnmobil-world.de\/wp-content\/uploads\/2018\/11\/IMG_1619_1200x900.jpg\"><img loading=\"lazy\" decoding=\"async\" class=\"alignnone size-medium wp-image-811\" src=\"https:\/\/www.wohnmobil-world.de\/wp-content\/uploads\/2018\/11\/IMG_1619_1200x900-300x225.jpg\" alt=\"\" width=\"300\" height=\"225\" srcset=\"https:\/\/www.wohnmobil-world.de\/wp-content\/uploads\/2018\/11\/IMG_1619_1200x900-300x225.jpg 300w, https:\/\/www.wohnmobil-world.de\/wp-content\/uploads\/2018\/11\/IMG_1619_1200x900-768x576.jpg 768w, https:\/\/www.wohnmobil-world.de\/wp-content\/uploads\/2018\/11\/IMG_1619_1200x900-1024x768.jpg 1024w, https:\/\/www.wohnmobil-world.de\/wp-content\/uploads\/2018\/11\/IMG_1619_1200x900-120x90.jpg 120w, https:\/\/www.wohnmobil-world.de\/wp-content\/uploads\/2018\/11\/IMG_1619_1200x900.jpg 1200w\" sizes=\"auto, (max-width: 300px) 100vw, 300px\" \/><\/a><\/p>\r\n\r\n\r\n\r\n<p class=\"wp-block-paragraph\"><strong>Innenraum<\/strong><\/p>\r\n\r\n\r\n\r\n<p class=\"wp-block-paragraph\">Die Sitzgruppe, bestehend aus Bank und Tisch, wird durch den umgedrehten Fahrer- und Beifahrersitz komplettiert. Die K\u00fcche besitzt eine relativ <strong>gro\u00dfe Arbeitsfl\u00e4che<\/strong>, einen Drei-Flamm-Herd, eine abdeckbare Edelstahlsp\u00fcle, sowie einen K\u00fchlschrank und ist damit sehr funktional, wenn gekocht wird. Ebenfalls an Bord: das moderne Raumbad, das mit entsprechender T\u00fcrstellung vom Wohnbereich abtrennbar ist. Es ist zwar sehr knapp (vor allem f\u00fcr gro\u00dfe Menschen) bemessen, aber mit Waschbecken, einigen Ablagefl\u00e4chen, einem WC, sowie einer separaten Dusche ist alles da um sich t\u00e4glich von Kopf bis Fu\u00df wohlzuf\u00fchlen.<\/p>\r\n\r\n\r\n\r\n<p class=\"wp-block-paragraph\">Dank des <strong>Stauraums<\/strong> lassen sich Sportger\u00e4te, Sonnenschirm und Buggy problemlos unterbringen. Fahrr\u00e4der, Surfbrett oder Wasserski wandern in die Heckgarage, die gesamte Urlaubsgarderobe und Sportmontur verschwinden in den relativ gro\u00dfen Schr\u00e4nken und die vielen kleinen Dinge des t\u00e4glichen Lebens finden in den Dachschr\u00e4nken oder versteckten Klappen unter der Sitzbank ihren Platz.<\/p>\r\n<p><a href=\"https:\/\/www.wohnmobil-world.de\/wp-content\/uploads\/2018\/11\/IMG_1645_1200x900.jpg\"><img loading=\"lazy\" decoding=\"async\" class=\"alignnone size-medium wp-image-835\" src=\"https:\/\/www.wohnmobil-world.de\/wp-content\/uploads\/2018\/11\/IMG_1645_1200x900-300x225.jpg\" alt=\"\" width=\"300\" height=\"225\" srcset=\"https:\/\/www.wohnmobil-world.de\/wp-content\/uploads\/2018\/11\/IMG_1645_1200x900-300x225.jpg 300w, https:\/\/www.wohnmobil-world.de\/wp-content\/uploads\/2018\/11\/IMG_1645_1200x900-768x576.jpg 768w, https:\/\/www.wohnmobil-world.de\/wp-content\/uploads\/2018\/11\/IMG_1645_1200x900-1024x768.jpg 1024w, https:\/\/www.wohnmobil-world.de\/wp-content\/uploads\/2018\/11\/IMG_1645_1200x900-120x90.jpg 120w, https:\/\/www.wohnmobil-world.de\/wp-content\/uploads\/2018\/11\/IMG_1645_1200x900.jpg 1200w\" sizes=\"auto, (max-width: 300px) 100vw, 300px\" \/><\/a> <a href=\"https:\/\/www.wohnmobil-world.de\/wp-content\/uploads\/2018\/11\/IMG_1650_1200x900.jpg\"><img loading=\"lazy\" decoding=\"async\" class=\"alignnone size-medium wp-image-840\" src=\"https:\/\/www.wohnmobil-world.de\/wp-content\/uploads\/2018\/11\/IMG_1650_1200x900-300x225.jpg\" alt=\"\" width=\"300\" height=\"225\" srcset=\"https:\/\/www.wohnmobil-world.de\/wp-content\/uploads\/2018\/11\/IMG_1650_1200x900-300x225.jpg 300w, https:\/\/www.wohnmobil-world.de\/wp-content\/uploads\/2018\/11\/IMG_1650_1200x900-768x576.jpg 768w, https:\/\/www.wohnmobil-world.de\/wp-content\/uploads\/2018\/11\/IMG_1650_1200x900-1024x768.jpg 1024w, https:\/\/www.wohnmobil-world.de\/wp-content\/uploads\/2018\/11\/IMG_1650_1200x900-120x90.jpg 120w, https:\/\/www.wohnmobil-world.de\/wp-content\/uploads\/2018\/11\/IMG_1650_1200x900.jpg 1200w\" sizes=\"auto, (max-width: 300px) 100vw, 300px\" \/><\/a> <a href=\"https:\/\/www.wohnmobil-world.de\/wp-content\/uploads\/2018\/11\/IMG_1654_1200x900.jpg\"><img loading=\"lazy\" decoding=\"async\" class=\"alignnone size-medium wp-image-844\" src=\"https:\/\/www.wohnmobil-world.de\/wp-content\/uploads\/2018\/11\/IMG_1654_1200x900-300x225.jpg\" alt=\"\" width=\"300\" height=\"225\" srcset=\"https:\/\/www.wohnmobil-world.de\/wp-content\/uploads\/2018\/11\/IMG_1654_1200x900-300x225.jpg 300w, https:\/\/www.wohnmobil-world.de\/wp-content\/uploads\/2018\/11\/IMG_1654_1200x900-768x576.jpg 768w, https:\/\/www.wohnmobil-world.de\/wp-content\/uploads\/2018\/11\/IMG_1654_1200x900-1024x768.jpg 1024w, https:\/\/www.wohnmobil-world.de\/wp-content\/uploads\/2018\/11\/IMG_1654_1200x900-120x90.jpg 120w, https:\/\/www.wohnmobil-world.de\/wp-content\/uploads\/2018\/11\/IMG_1654_1200x900.jpg 1200w\" sizes=\"auto, (max-width: 300px) 100vw, 300px\" \/><\/a><\/p>\r\n\r\n\r\n\r\n<p class=\"wp-block-paragraph\"><strong>Optionen<\/strong><\/p>\r\n\r\n\r\n\r\n<p class=\"wp-block-paragraph\">Sunlight bietet <strong>verschiedene Pakete<\/strong> an, um den Integrierten an die eigenen W\u00fcnsche anzupassen. Im Basic-Paket sorgen unter anderem Panoramadachfenster, Duschraumverkleidung, zus\u00e4tzliche Steckdosen und eine Fahrert\u00fcr vorne links f\u00fcr Funktionalit\u00e4t und Bequemlichkeit. Das <strong>Chassis-Paket<\/strong> umfasst neben weiteren Extras eine manuelle Klimaanlage f\u00fcrs Fahrerhaus, das elektronische Stabilit\u00e4tsprogramm ESP inklusive Traction Plus, einen Beifahrer-Airbag, Tempomat und eine Radiovorbereitung mit Lautsprechern. Mindestens dieses Paket empfehlen wir ausdr\u00fccklich, alleine schon wegen des ESP, das dann dabei ist.<\/p>\r\n<p>Gesteigert wird das Angebot durch das <strong>Chassis-Comfort-Paket<\/strong> mit Fiat 16-Zoll-Alufelgen, Lederlenkrad und Lederschaltknauf, Instrumententafel mit Chromringen sowie Armaturentafel mit Applikationen. Dar\u00fcber hinaus gibt es das Sunlight-Active-Paket mit Seitenw\u00e4nden in Glattblech silber metallic, Sunlight Active Beklebung und hohen Heckleuchtentr\u00e4ger-Aufsatzteilen.<\/p>\r\n<p><a href=\"https:\/\/www.wohnmobil-world.de\/wp-content\/uploads\/2018\/12\/Markise.jpg\"><img loading=\"lazy\" decoding=\"async\" class=\"alignnone size-medium wp-image-897\" src=\"https:\/\/www.wohnmobil-world.de\/wp-content\/uploads\/2018\/12\/Markise-300x169.jpg\" alt=\"\" width=\"300\" height=\"169\" srcset=\"https:\/\/www.wohnmobil-world.de\/wp-content\/uploads\/2018\/12\/Markise-300x169.jpg 300w, https:\/\/www.wohnmobil-world.de\/wp-content\/uploads\/2018\/12\/Markise-768x432.jpg 768w, https:\/\/www.wohnmobil-world.de\/wp-content\/uploads\/2018\/12\/Markise-1024x576.jpg 1024w, https:\/\/www.wohnmobil-world.de\/wp-content\/uploads\/2018\/12\/Markise-1140x641.jpg 1140w, https:\/\/www.wohnmobil-world.de\/wp-content\/uploads\/2018\/12\/Markise.jpg 1920w\" sizes=\"auto, (max-width: 300px) 100vw, 300px\" \/><\/a> <a href=\"https:\/\/www.wohnmobil-world.de\/wp-content\/uploads\/2018\/12\/Ku\u0308che_1.jpg\"><img loading=\"lazy\" decoding=\"async\" class=\"alignnone size-medium wp-image-896\" src=\"https:\/\/www.wohnmobil-world.de\/wp-content\/uploads\/2018\/12\/Ku\u0308che_1-300x169.jpg\" alt=\"\" width=\"300\" height=\"169\" srcset=\"https:\/\/www.wohnmobil-world.de\/wp-content\/uploads\/2018\/12\/Ku\u0308che_1-300x169.jpg 300w, https:\/\/www.wohnmobil-world.de\/wp-content\/uploads\/2018\/12\/Ku\u0308che_1-768x432.jpg 768w, https:\/\/www.wohnmobil-world.de\/wp-content\/uploads\/2018\/12\/Ku\u0308che_1-1024x576.jpg 1024w, https:\/\/www.wohnmobil-world.de\/wp-content\/uploads\/2018\/12\/Ku\u0308che_1-1140x641.jpg 1140w, https:\/\/www.wohnmobil-world.de\/wp-content\/uploads\/2018\/12\/Ku\u0308che_1.jpg 1920w\" sizes=\"auto, (max-width: 300px) 100vw, 300px\" \/><\/a> <a href=\"https:\/\/www.wohnmobil-world.de\/wp-content\/uploads\/2018\/12\/Sitzecke.jpg\"><img loading=\"lazy\" decoding=\"async\" class=\"alignnone size-medium wp-image-892\" src=\"https:\/\/www.wohnmobil-world.de\/wp-content\/uploads\/2018\/12\/Sitzecke-300x169.jpg\" alt=\"\" width=\"300\" height=\"169\" srcset=\"https:\/\/www.wohnmobil-world.de\/wp-content\/uploads\/2018\/12\/Sitzecke-300x169.jpg 300w, https:\/\/www.wohnmobil-world.de\/wp-content\/uploads\/2018\/12\/Sitzecke-768x432.jpg 768w, https:\/\/www.wohnmobil-world.de\/wp-content\/uploads\/2018\/12\/Sitzecke-1024x576.jpg 1024w, https:\/\/www.wohnmobil-world.de\/wp-content\/uploads\/2018\/12\/Sitzecke-1140x641.jpg 1140w, https:\/\/www.wohnmobil-world.de\/wp-content\/uploads\/2018\/12\/Sitzecke.jpg 1920w\" sizes=\"auto, (max-width: 300px) 100vw, 300px\" \/><\/a><\/p>\r\n<p>&nbsp;<\/p>\r\n<h4>Motorisierung<\/h4>\r\n<p>Wie in dieser Klasse nahezu \u00fcberall zu finden, baut auch dieses Reisemobil wieder auf einem <strong>Chassis vom Fiat Ducato<\/strong> auf. Standardm\u00e4\u00dfig mit 130 PS ausgestattet, hatte unser Testwagen die 150 PS Motorisierung, die dem Wagen auch ganz gut getan hat. Das optionale (\u20ac 1.999.- Aufpreis) <strong>automatisierte Schaltgetriebe<\/strong> \u00fcberzeugt uns wie immer nicht ganz, weil die Schaltvorg\u00e4nge regelm\u00e4\u00dfig von einem deutlich sp\u00fcrbaren &#8222;Nicken&#8220; begleitet waren und man manchmal das Gef\u00fchl hat, die Automatik wei\u00df nicht so ganz, welchen Gang sie nun einlegen soll.<\/p>\r\n<p>&nbsp;<\/p>\r\n<p>&nbsp;<\/p>\r\n<h4>Das Fazit:<\/h4>\r\n<p>Sunlight hat mit dem I 69 S ein <strong>schickes Wohnmobil<\/strong> auf die Strasse gebracht. Wer kein Riese ist wird sich sowohl im Queensbett, als auch in der knapp bemessenen Dusche wohlf\u00fchlen. Die Farbgestaltung und das Design des Innenraumes sind ansprechend und modern und der Stauraum ist angemessen gro\u00df. Der I 69 S startet mit <strong>130 PS bei \u20ac 53.999.-<\/strong> und ist, obgleich Sunlight den Markt der Einstiegsmodelle bedienen will, kein richtig go\u00dfes &#8222;Schn\u00e4ppchen&#8220;. Vor allem, weil man sicherlich mindestens zwei der angebotenen &#8222;Pakete&#8220; ordern sollte. Empfehlenswert hier: Das Chassis-Paket (\u20ac 2.149.-) und das Chassis-Komfort-Paket (\u20ac 759.-). Damit spart man nicht nur rund \u20ac 1.500.- gegen\u00fcber dem Einzelpreis, sondern man bekommt so n\u00fctzliche Dinge wie z.B. das sicherheitsrelevante ESP, den Beifahrer-Airbag, den Tempomaten und die 16 Zoll Alufelgen dazu. Eine zweigeteilte Meinung haben wir \u00fcber das automatisierte Schaltgetriebe. Einerseits erspart es uns das Schalten, andererseit nervt es mit langen Schaltpausen, einem &#8222;Nicken&#8220; des Fahrzeuges beim Schaltwechsel und der Erkenntnis, nicht immer genau zu wissen, welcher Gang gerade gefragt ist. Fairerweise ist das aber nicht Sunlight zuzuschreiben, sondern Fiat.<\/p>\r\n<p>Ist das jetzt alles dynamisch, sportlich oder abenteuerlustig? Eher nicht! Trotzdem ist der Sunlight I 69 S ein attraktives Fahrzeug im Einstiegssegment, auch wenn der <strong>Testwagen-Preis <\/strong>bei<strong> \u20ac 67.517.- <\/strong>lag.<strong><br \/><\/strong><\/p>\r\n<p>&nbsp;<\/p>\r\n<p><a href=\"https:\/\/www.wohnmobil-world.de\/wp-content\/uploads\/2018\/11\/IMG_1626_1200x900.jpg\"><img loading=\"lazy\" decoding=\"async\" class=\"alignnone size-medium wp-image-818\" src=\"https:\/\/www.wohnmobil-world.de\/wp-content\/uploads\/2018\/11\/IMG_1626_1200x900-300x225.jpg\" alt=\"\" width=\"300\" height=\"225\" srcset=\"https:\/\/www.wohnmobil-world.de\/wp-content\/uploads\/2018\/11\/IMG_1626_1200x900-300x225.jpg 300w, https:\/\/www.wohnmobil-world.de\/wp-content\/uploads\/2018\/11\/IMG_1626_1200x900-768x576.jpg 768w, https:\/\/www.wohnmobil-world.de\/wp-content\/uploads\/2018\/11\/IMG_1626_1200x900-1024x768.jpg 1024w, https:\/\/www.wohnmobil-world.de\/wp-content\/uploads\/2018\/11\/IMG_1626_1200x900-120x90.jpg 120w, https:\/\/www.wohnmobil-world.de\/wp-content\/uploads\/2018\/11\/IMG_1626_1200x900.jpg 1200w\" sizes=\"auto, (max-width: 300px) 100vw, 300px\" \/><\/a> <a href=\"https:\/\/www.wohnmobil-world.de\/wp-content\/uploads\/2018\/11\/IMG_1628_1200x900.jpg\"><img loading=\"lazy\" decoding=\"async\" class=\"alignnone size-medium wp-image-820\" src=\"https:\/\/www.wohnmobil-world.de\/wp-content\/uploads\/2018\/11\/IMG_1628_1200x900-300x225.jpg\" alt=\"\" width=\"300\" height=\"225\" srcset=\"https:\/\/www.wohnmobil-world.de\/wp-content\/uploads\/2018\/11\/IMG_1628_1200x900-300x225.jpg 300w, https:\/\/www.wohnmobil-world.de\/wp-content\/uploads\/2018\/11\/IMG_1628_1200x900-768x576.jpg 768w, https:\/\/www.wohnmobil-world.de\/wp-content\/uploads\/2018\/11\/IMG_1628_1200x900-1024x768.jpg 1024w, https:\/\/www.wohnmobil-world.de\/wp-content\/uploads\/2018\/11\/IMG_1628_1200x900-120x90.jpg 120w, https:\/\/www.wohnmobil-world.de\/wp-content\/uploads\/2018\/11\/IMG_1628_1200x900.jpg 1200w\" sizes=\"auto, (max-width: 300px) 100vw, 300px\" \/><\/a> <a href=\"https:\/\/www.wohnmobil-world.de\/wp-content\/uploads\/2018\/11\/IMG_1631_1200x900.jpg\"><img loading=\"lazy\" decoding=\"async\" class=\"alignnone size-medium wp-image-823\" src=\"https:\/\/www.wohnmobil-world.de\/wp-content\/uploads\/2018\/11\/IMG_1631_1200x900-300x225.jpg\" alt=\"\" width=\"300\" height=\"225\" srcset=\"https:\/\/www.wohnmobil-world.de\/wp-content\/uploads\/2018\/11\/IMG_1631_1200x900-300x225.jpg 300w, https:\/\/www.wohnmobil-world.de\/wp-content\/uploads\/2018\/11\/IMG_1631_1200x900-768x576.jpg 768w, https:\/\/www.wohnmobil-world.de\/wp-content\/uploads\/2018\/11\/IMG_1631_1200x900-1024x768.jpg 1024w, https:\/\/www.wohnmobil-world.de\/wp-content\/uploads\/2018\/11\/IMG_1631_1200x900-120x90.jpg 120w, https:\/\/www.wohnmobil-world.de\/wp-content\/uploads\/2018\/11\/IMG_1631_1200x900.jpg 1200w\" sizes=\"auto, (max-width: 300px) 100vw, 300px\" \/><\/a> <a href=\"https:\/\/www.wohnmobil-world.de\/wp-content\/uploads\/2018\/11\/IMG_1646_1200x900.jpg\"><img loading=\"lazy\" decoding=\"async\" class=\"alignnone size-medium wp-image-836\" src=\"https:\/\/www.wohnmobil-world.de\/wp-content\/uploads\/2018\/11\/IMG_1646_1200x900-300x225.jpg\" alt=\"\" width=\"300\" height=\"225\" srcset=\"https:\/\/www.wohnmobil-world.de\/wp-content\/uploads\/2018\/11\/IMG_1646_1200x900-300x225.jpg 300w, https:\/\/www.wohnmobil-world.de\/wp-content\/uploads\/2018\/11\/IMG_1646_1200x900-768x576.jpg 768w, https:\/\/www.wohnmobil-world.de\/wp-content\/uploads\/2018\/11\/IMG_1646_1200x900-1024x768.jpg 1024w, https:\/\/www.wohnmobil-world.de\/wp-content\/uploads\/2018\/11\/IMG_1646_1200x900-120x90.jpg 120w, https:\/\/www.wohnmobil-world.de\/wp-content\/uploads\/2018\/11\/IMG_1646_1200x900.jpg 1200w\" sizes=\"auto, (max-width: 300px) 100vw, 300px\" \/><\/a><\/p>\r\n<p>&nbsp;<\/p>\r\n<p>Text: Thomas Blachetzki, wohnmobil-world.de\/Sunlight<\/p>\r\n<p>Fotos\/Video: Thomas Blachetzki, Tobias Brodhun, wohnmobil-world.de<\/p>\r\n<p>&nbsp;<\/p>\r\n","protected":false},"excerpt":{"rendered":"<p>Sunlight Reisemobile und Camper Vans\u00a0 sind Fahrzeuge im Einstiegssegment. Die Marke will Dynamik, Abenteuerlust, sportliche Aktivit\u00e4t und au\u00dfergew\u00f6hnliche Erlebnisse verk\u00f6rpern. Aber ist das tats\u00e4chlich so?<\/p>\n","protected":false},"author":2,"featured_media":841,"comment_status":"open","ping_status":"closed","sticky":false,"template":"","format":"standard","meta":{"_crdt_document":"","_exactmetrics_skip_tracking":false,"_exactmetrics_sitenote_active":false,"_exactmetrics_sitenote_note":"","_exactmetrics_sitenote_category":0,"footnotes":""},"categories":[28,6,20,70],"tags":[73,55,56,74,71,35,24,67,65,72,23,37],"class_list":["post-883","post","type-post","status-publish","format-standard","has-post-thumbnail","hentry","category-fahrbericht","category-integriert","category-news","category-sunlight","tag-campervan","tag-campervanlife","tag-camping","tag-fiat-ducato","tag-freedomismylife","tag-integriert","tag-reisemobil","tag-reisen","tag-sunlight","tag-van","tag-wohnmobil","tag-wohnmobil-world-de"],"yoast_head":"<!-- This site is optimized with the Yoast SEO plugin v27.5 - https:\/\/yoast.com\/product\/yoast-seo-wordpress\/ -->\n<title>Der Sunlight I 69 S im Fahrbericht - Wohnmobil-world.de<\/title>\n<meta name=\"description\" content=\"Reist mit uns in die gro\u00dfe Welt der beliebtesten Reisemobile in Deutschland, Europa und der Welt. Wir liefern Fahrberichte, Tests und Fakten! Unser Blog: wohnmobil-world.de Facebook: https:\/\/www.facebook.com\/wohnmobilworld Instagram: https:\/\/www.instagram.com\/wohnmobilworld.de\/ Twitter: @wohnmobilD\" \/>\n<meta name=\"robots\" content=\"index, follow, max-snippet:-1, max-image-preview:large, max-video-preview:-1\" \/>\n<link rel=\"canonical\" href=\"https:\/\/www.wohnmobil-world.de\/index.php\/2018\/12\/13\/sunlight-i-69-s\/\" \/>\n<meta property=\"og:locale\" content=\"de_DE\" \/>\n<meta property=\"og:type\" content=\"article\" \/>\n<meta property=\"og:title\" content=\"Der Sunlight I 69 S im Fahrbericht - Wohnmobil-world.de\" \/>\n<meta property=\"og:description\" content=\"Reist mit uns in die gro\u00dfe Welt der beliebtesten Reisemobile in Deutschland, Europa und der Welt. Wir liefern Fahrberichte, Tests und Fakten! Unser Blog: wohnmobil-world.de Facebook: https:\/\/www.facebook.com\/wohnmobilworld Instagram: https:\/\/www.instagram.com\/wohnmobilworld.de\/ Twitter: @wohnmobilD\" \/>\n<meta property=\"og:url\" content=\"https:\/\/www.wohnmobil-world.de\/index.php\/2018\/12\/13\/sunlight-i-69-s\/\" \/>\n<meta property=\"og:site_name\" content=\"Wohnmobil-world.de\" \/>\n<meta property=\"article:publisher\" content=\"https:\/\/www.facebook.com\/wohnmobilworld\/\" \/>\n<meta property=\"article:published_time\" content=\"2018-12-13T11:05:58+00:00\" \/>\n<meta property=\"article:modified_time\" content=\"2018-12-19T13:03:51+00:00\" \/>\n<meta property=\"og:image\" content=\"https:\/\/www.wohnmobil-world.de\/wp-content\/uploads\/2018\/11\/IMG_1651_1200x900.jpg\" \/>\n\t<meta property=\"og:image:width\" content=\"1200\" \/>\n\t<meta property=\"og:image:height\" content=\"900\" \/>\n\t<meta property=\"og:image:type\" content=\"image\/jpeg\" \/>\n<meta name=\"author\" content=\"Thomas Blachetzki\" \/>\n<meta name=\"twitter:card\" content=\"summary_large_image\" \/>\n<meta name=\"twitter:creator\" content=\"@WohnmobilD\" \/>\n<meta name=\"twitter:site\" content=\"@WohnmobilD\" \/>\n<meta name=\"twitter:label1\" content=\"Verfasst von\" \/>\n\t<meta name=\"twitter:data1\" content=\"Thomas Blachetzki\" \/>\n\t<meta name=\"twitter:label2\" content=\"Gesch\u00e4tzte Lesezeit\" \/>\n\t<meta name=\"twitter:data2\" content=\"4\u00a0Minuten\" \/>\n<script type=\"application\/ld+json\" class=\"yoast-schema-graph\">{\"@context\":\"https:\\\/\\\/schema.org\",\"@graph\":[{\"@type\":\"Article\",\"@id\":\"https:\\\/\\\/www.wohnmobil-world.de\\\/index.php\\\/2018\\\/12\\\/13\\\/sunlight-i-69-s\\\/#article\",\"isPartOf\":{\"@id\":\"https:\\\/\\\/www.wohnmobil-world.de\\\/index.php\\\/2018\\\/12\\\/13\\\/sunlight-i-69-s\\\/\"},\"author\":{\"name\":\"Thomas Blachetzki\",\"@id\":\"https:\\\/\\\/www.wohnmobil-world.de\\\/#\\\/schema\\\/person\\\/4fdb7cae886aa04e07cc7e671de66422\"},\"headline\":\"Der Sunlight I 69 S im Fahrbericht\",\"datePublished\":\"2018-12-13T11:05:58+00:00\",\"dateModified\":\"2018-12-19T13:03:51+00:00\",\"mainEntityOfPage\":{\"@id\":\"https:\\\/\\\/www.wohnmobil-world.de\\\/index.php\\\/2018\\\/12\\\/13\\\/sunlight-i-69-s\\\/\"},\"wordCount\":870,\"commentCount\":0,\"publisher\":{\"@id\":\"https:\\\/\\\/www.wohnmobil-world.de\\\/#organization\"},\"image\":{\"@id\":\"https:\\\/\\\/www.wohnmobil-world.de\\\/index.php\\\/2018\\\/12\\\/13\\\/sunlight-i-69-s\\\/#primaryimage\"},\"thumbnailUrl\":\"https:\\\/\\\/www.wohnmobil-world.de\\\/wp-content\\\/uploads\\\/2018\\\/11\\\/IMG_1651_1200x900.jpg\",\"keywords\":[\"campervan\",\"Campervanlife\",\"camping\",\"fiat ducato\",\"freedomismylife\",\"Integriert\",\"reisemobil\",\"reisen\",\"sunlight\",\"van\",\"Wohnmobil\",\"wohnmobil-world.de\"],\"articleSection\":[\"Fahrbericht\",\"Integriert\",\"News\",\"Sunlight\"],\"inLanguage\":\"de\"},{\"@type\":\"WebPage\",\"@id\":\"https:\\\/\\\/www.wohnmobil-world.de\\\/index.php\\\/2018\\\/12\\\/13\\\/sunlight-i-69-s\\\/\",\"url\":\"https:\\\/\\\/www.wohnmobil-world.de\\\/index.php\\\/2018\\\/12\\\/13\\\/sunlight-i-69-s\\\/\",\"name\":\"Der Sunlight I 69 S im Fahrbericht - Wohnmobil-world.de\",\"isPartOf\":{\"@id\":\"https:\\\/\\\/www.wohnmobil-world.de\\\/#website\"},\"primaryImageOfPage\":{\"@id\":\"https:\\\/\\\/www.wohnmobil-world.de\\\/index.php\\\/2018\\\/12\\\/13\\\/sunlight-i-69-s\\\/#primaryimage\"},\"image\":{\"@id\":\"https:\\\/\\\/www.wohnmobil-world.de\\\/index.php\\\/2018\\\/12\\\/13\\\/sunlight-i-69-s\\\/#primaryimage\"},\"thumbnailUrl\":\"https:\\\/\\\/www.wohnmobil-world.de\\\/wp-content\\\/uploads\\\/2018\\\/11\\\/IMG_1651_1200x900.jpg\",\"datePublished\":\"2018-12-13T11:05:58+00:00\",\"dateModified\":\"2018-12-19T13:03:51+00:00\",\"description\":\"Reist mit uns in die gro\u00dfe Welt der beliebtesten Reisemobile in Deutschland, Europa und der Welt. Wir liefern Fahrberichte, Tests und Fakten! Unser Blog: wohnmobil-world.de Facebook: https:\\\/\\\/www.facebook.com\\\/wohnmobilworld Instagram: https:\\\/\\\/www.instagram.com\\\/wohnmobilworld.de\\\/ Twitter: @wohnmobilD\",\"breadcrumb\":{\"@id\":\"https:\\\/\\\/www.wohnmobil-world.de\\\/index.php\\\/2018\\\/12\\\/13\\\/sunlight-i-69-s\\\/#breadcrumb\"},\"inLanguage\":\"de\",\"potentialAction\":[{\"@type\":\"ReadAction\",\"target\":[\"https:\\\/\\\/www.wohnmobil-world.de\\\/index.php\\\/2018\\\/12\\\/13\\\/sunlight-i-69-s\\\/\"]}]},{\"@type\":\"ImageObject\",\"inLanguage\":\"de\",\"@id\":\"https:\\\/\\\/www.wohnmobil-world.de\\\/index.php\\\/2018\\\/12\\\/13\\\/sunlight-i-69-s\\\/#primaryimage\",\"url\":\"https:\\\/\\\/www.wohnmobil-world.de\\\/wp-content\\\/uploads\\\/2018\\\/11\\\/IMG_1651_1200x900.jpg\",\"contentUrl\":\"https:\\\/\\\/www.wohnmobil-world.de\\\/wp-content\\\/uploads\\\/2018\\\/11\\\/IMG_1651_1200x900.jpg\",\"width\":1200,\"height\":900},{\"@type\":\"BreadcrumbList\",\"@id\":\"https:\\\/\\\/www.wohnmobil-world.de\\\/index.php\\\/2018\\\/12\\\/13\\\/sunlight-i-69-s\\\/#breadcrumb\",\"itemListElement\":[{\"@type\":\"ListItem\",\"position\":1,\"name\":\"Startseite\",\"item\":\"https:\\\/\\\/www.wohnmobil-world.de\\\/\"},{\"@type\":\"ListItem\",\"position\":2,\"name\":\"Der Sunlight I 69 S im Fahrbericht\"}]},{\"@type\":\"WebSite\",\"@id\":\"https:\\\/\\\/www.wohnmobil-world.de\\\/#website\",\"url\":\"https:\\\/\\\/www.wohnmobil-world.de\\\/\",\"name\":\"Wohnmobil-world.de\",\"description\":\"Alles \u00fcber Wohnmobile und mehr...\",\"publisher\":{\"@id\":\"https:\\\/\\\/www.wohnmobil-world.de\\\/#organization\"},\"potentialAction\":[{\"@type\":\"SearchAction\",\"target\":{\"@type\":\"EntryPoint\",\"urlTemplate\":\"https:\\\/\\\/www.wohnmobil-world.de\\\/?s={search_term_string}\"},\"query-input\":{\"@type\":\"PropertyValueSpecification\",\"valueRequired\":true,\"valueName\":\"search_term_string\"}}],\"inLanguage\":\"de\"},{\"@type\":\"Organization\",\"@id\":\"https:\\\/\\\/www.wohnmobil-world.de\\\/#organization\",\"name\":\"wohnmobil-world.de\",\"url\":\"https:\\\/\\\/www.wohnmobil-world.de\\\/\",\"logo\":{\"@type\":\"ImageObject\",\"inLanguage\":\"de\",\"@id\":\"https:\\\/\\\/www.wohnmobil-world.de\\\/#\\\/schema\\\/logo\\\/image\\\/\",\"url\":\"https:\\\/\\\/www.wohnmobil-world.de\\\/wp-content\\\/uploads\\\/2018\\\/06\\\/Web_Logo_rund_klein.png\",\"contentUrl\":\"https:\\\/\\\/www.wohnmobil-world.de\\\/wp-content\\\/uploads\\\/2018\\\/06\\\/Web_Logo_rund_klein.png\",\"width\":200,\"height\":150,\"caption\":\"wohnmobil-world.de\"},\"image\":{\"@id\":\"https:\\\/\\\/www.wohnmobil-world.de\\\/#\\\/schema\\\/logo\\\/image\\\/\"},\"sameAs\":[\"https:\\\/\\\/www.facebook.com\\\/wohnmobilworld\\\/\",\"https:\\\/\\\/x.com\\\/WohnmobilD\",\"https:\\\/\\\/www.instagram.com\\\/wohnmobilworld.de\\\/\",\"https:\\\/\\\/www.youtube.com\\\/c\\\/wohnmobilworld\"]},{\"@type\":\"Person\",\"@id\":\"https:\\\/\\\/www.wohnmobil-world.de\\\/#\\\/schema\\\/person\\\/4fdb7cae886aa04e07cc7e671de66422\",\"name\":\"Thomas Blachetzki\",\"image\":{\"@type\":\"ImageObject\",\"inLanguage\":\"de\",\"@id\":\"https:\\\/\\\/secure.gravatar.com\\\/avatar\\\/87be5f7f0519dece30edc90624668e740f9b4a8d7086cdefb2f24adbdb04885e?s=96&d=mm&r=g\",\"url\":\"https:\\\/\\\/secure.gravatar.com\\\/avatar\\\/87be5f7f0519dece30edc90624668e740f9b4a8d7086cdefb2f24adbdb04885e?s=96&d=mm&r=g\",\"contentUrl\":\"https:\\\/\\\/secure.gravatar.com\\\/avatar\\\/87be5f7f0519dece30edc90624668e740f9b4a8d7086cdefb2f24adbdb04885e?s=96&d=mm&r=g\",\"caption\":\"Thomas Blachetzki\"},\"url\":\"https:\\\/\\\/www.wohnmobil-world.de\\\/index.php\\\/author\\\/thomas\\\/\"}]}<\/script>\n<!-- \/ Yoast SEO plugin. -->","yoast_head_json":{"title":"Der Sunlight I 69 S im Fahrbericht - Wohnmobil-world.de","description":"Reist mit uns in die gro\u00dfe Welt der beliebtesten Reisemobile in Deutschland, Europa und der Welt. Wir liefern Fahrberichte, Tests und Fakten! Unser Blog: wohnmobil-world.de Facebook: https:\/\/www.facebook.com\/wohnmobilworld Instagram: https:\/\/www.instagram.com\/wohnmobilworld.de\/ Twitter: @wohnmobilD","robots":{"index":"index","follow":"follow","max-snippet":"max-snippet:-1","max-image-preview":"max-image-preview:large","max-video-preview":"max-video-preview:-1"},"canonical":"https:\/\/www.wohnmobil-world.de\/index.php\/2018\/12\/13\/sunlight-i-69-s\/","og_locale":"de_DE","og_type":"article","og_title":"Der Sunlight I 69 S im Fahrbericht - Wohnmobil-world.de","og_description":"Reist mit uns in die gro\u00dfe Welt der beliebtesten Reisemobile in Deutschland, Europa und der Welt. Wir liefern Fahrberichte, Tests und Fakten! Unser Blog: wohnmobil-world.de Facebook: https:\/\/www.facebook.com\/wohnmobilworld Instagram: https:\/\/www.instagram.com\/wohnmobilworld.de\/ Twitter: @wohnmobilD","og_url":"https:\/\/www.wohnmobil-world.de\/index.php\/2018\/12\/13\/sunlight-i-69-s\/","og_site_name":"Wohnmobil-world.de","article_publisher":"https:\/\/www.facebook.com\/wohnmobilworld\/","article_published_time":"2018-12-13T11:05:58+00:00","article_modified_time":"2018-12-19T13:03:51+00:00","og_image":[{"width":1200,"height":900,"url":"https:\/\/www.wohnmobil-world.de\/wp-content\/uploads\/2018\/11\/IMG_1651_1200x900.jpg","type":"image\/jpeg"}],"author":"Thomas Blachetzki","twitter_card":"summary_large_image","twitter_creator":"@WohnmobilD","twitter_site":"@WohnmobilD","twitter_misc":{"Verfasst von":"Thomas Blachetzki","Gesch\u00e4tzte Lesezeit":"4\u00a0Minuten"},"schema":{"@context":"https:\/\/schema.org","@graph":[{"@type":"Article","@id":"https:\/\/www.wohnmobil-world.de\/index.php\/2018\/12\/13\/sunlight-i-69-s\/#article","isPartOf":{"@id":"https:\/\/www.wohnmobil-world.de\/index.php\/2018\/12\/13\/sunlight-i-69-s\/"},"author":{"name":"Thomas Blachetzki","@id":"https:\/\/www.wohnmobil-world.de\/#\/schema\/person\/4fdb7cae886aa04e07cc7e671de66422"},"headline":"Der Sunlight I 69 S im Fahrbericht","datePublished":"2018-12-13T11:05:58+00:00","dateModified":"2018-12-19T13:03:51+00:00","mainEntityOfPage":{"@id":"https:\/\/www.wohnmobil-world.de\/index.php\/2018\/12\/13\/sunlight-i-69-s\/"},"wordCount":870,"commentCount":0,"publisher":{"@id":"https:\/\/www.wohnmobil-world.de\/#organization"},"image":{"@id":"https:\/\/www.wohnmobil-world.de\/index.php\/2018\/12\/13\/sunlight-i-69-s\/#primaryimage"},"thumbnailUrl":"https:\/\/www.wohnmobil-world.de\/wp-content\/uploads\/2018\/11\/IMG_1651_1200x900.jpg","keywords":["campervan","Campervanlife","camping","fiat ducato","freedomismylife","Integriert","reisemobil","reisen","sunlight","van","Wohnmobil","wohnmobil-world.de"],"articleSection":["Fahrbericht","Integriert","News","Sunlight"],"inLanguage":"de"},{"@type":"WebPage","@id":"https:\/\/www.wohnmobil-world.de\/index.php\/2018\/12\/13\/sunlight-i-69-s\/","url":"https:\/\/www.wohnmobil-world.de\/index.php\/2018\/12\/13\/sunlight-i-69-s\/","name":"Der Sunlight I 69 S im Fahrbericht - Wohnmobil-world.de","isPartOf":{"@id":"https:\/\/www.wohnmobil-world.de\/#website"},"primaryImageOfPage":{"@id":"https:\/\/www.wohnmobil-world.de\/index.php\/2018\/12\/13\/sunlight-i-69-s\/#primaryimage"},"image":{"@id":"https:\/\/www.wohnmobil-world.de\/index.php\/2018\/12\/13\/sunlight-i-69-s\/#primaryimage"},"thumbnailUrl":"https:\/\/www.wohnmobil-world.de\/wp-content\/uploads\/2018\/11\/IMG_1651_1200x900.jpg","datePublished":"2018-12-13T11:05:58+00:00","dateModified":"2018-12-19T13:03:51+00:00","description":"Reist mit uns in die gro\u00dfe Welt der beliebtesten Reisemobile in Deutschland, Europa und der Welt. Wir liefern Fahrberichte, Tests und Fakten! Unser Blog: wohnmobil-world.de Facebook: https:\/\/www.facebook.com\/wohnmobilworld Instagram: https:\/\/www.instagram.com\/wohnmobilworld.de\/ Twitter: @wohnmobilD","breadcrumb":{"@id":"https:\/\/www.wohnmobil-world.de\/index.php\/2018\/12\/13\/sunlight-i-69-s\/#breadcrumb"},"inLanguage":"de","potentialAction":[{"@type":"ReadAction","target":["https:\/\/www.wohnmobil-world.de\/index.php\/2018\/12\/13\/sunlight-i-69-s\/"]}]},{"@type":"ImageObject","inLanguage":"de","@id":"https:\/\/www.wohnmobil-world.de\/index.php\/2018\/12\/13\/sunlight-i-69-s\/#primaryimage","url":"https:\/\/www.wohnmobil-world.de\/wp-content\/uploads\/2018\/11\/IMG_1651_1200x900.jpg","contentUrl":"https:\/\/www.wohnmobil-world.de\/wp-content\/uploads\/2018\/11\/IMG_1651_1200x900.jpg","width":1200,"height":900},{"@type":"BreadcrumbList","@id":"https:\/\/www.wohnmobil-world.de\/index.php\/2018\/12\/13\/sunlight-i-69-s\/#breadcrumb","itemListElement":[{"@type":"ListItem","position":1,"name":"Startseite","item":"https:\/\/www.wohnmobil-world.de\/"},{"@type":"ListItem","position":2,"name":"Der Sunlight I 69 S im Fahrbericht"}]},{"@type":"WebSite","@id":"https:\/\/www.wohnmobil-world.de\/#website","url":"https:\/\/www.wohnmobil-world.de\/","name":"Wohnmobil-world.de","description":"Alles \u00fcber Wohnmobile und mehr...","publisher":{"@id":"https:\/\/www.wohnmobil-world.de\/#organization"},"potentialAction":[{"@type":"SearchAction","target":{"@type":"EntryPoint","urlTemplate":"https:\/\/www.wohnmobil-world.de\/?s={search_term_string}"},"query-input":{"@type":"PropertyValueSpecification","valueRequired":true,"valueName":"search_term_string"}}],"inLanguage":"de"},{"@type":"Organization","@id":"https:\/\/www.wohnmobil-world.de\/#organization","name":"wohnmobil-world.de","url":"https:\/\/www.wohnmobil-world.de\/","logo":{"@type":"ImageObject","inLanguage":"de","@id":"https:\/\/www.wohnmobil-world.de\/#\/schema\/logo\/image\/","url":"https:\/\/www.wohnmobil-world.de\/wp-content\/uploads\/2018\/06\/Web_Logo_rund_klein.png","contentUrl":"https:\/\/www.wohnmobil-world.de\/wp-content\/uploads\/2018\/06\/Web_Logo_rund_klein.png","width":200,"height":150,"caption":"wohnmobil-world.de"},"image":{"@id":"https:\/\/www.wohnmobil-world.de\/#\/schema\/logo\/image\/"},"sameAs":["https:\/\/www.facebook.com\/wohnmobilworld\/","https:\/\/x.com\/WohnmobilD","https:\/\/www.instagram.com\/wohnmobilworld.de\/","https:\/\/www.youtube.com\/c\/wohnmobilworld"]},{"@type":"Person","@id":"https:\/\/www.wohnmobil-world.de\/#\/schema\/person\/4fdb7cae886aa04e07cc7e671de66422","name":"Thomas Blachetzki","image":{"@type":"ImageObject","inLanguage":"de","@id":"https:\/\/secure.gravatar.com\/avatar\/87be5f7f0519dece30edc90624668e740f9b4a8d7086cdefb2f24adbdb04885e?s=96&d=mm&r=g","url":"https:\/\/secure.gravatar.com\/avatar\/87be5f7f0519dece30edc90624668e740f9b4a8d7086cdefb2f24adbdb04885e?s=96&d=mm&r=g","contentUrl":"https:\/\/secure.gravatar.com\/avatar\/87be5f7f0519dece30edc90624668e740f9b4a8d7086cdefb2f24adbdb04885e?s=96&d=mm&r=g","caption":"Thomas Blachetzki"},"url":"https:\/\/www.wohnmobil-world.de\/index.php\/author\/thomas\/"}]}},"_links":{"self":[{"href":"https:\/\/www.wohnmobil-world.de\/index.php\/wp-json\/wp\/v2\/posts\/883","targetHints":{"allow":["GET"]}}],"collection":[{"href":"https:\/\/www.wohnmobil-world.de\/index.php\/wp-json\/wp\/v2\/posts"}],"about":[{"href":"https:\/\/www.wohnmobil-world.de\/index.php\/wp-json\/wp\/v2\/types\/post"}],"author":[{"embeddable":true,"href":"https:\/\/www.wohnmobil-world.de\/index.php\/wp-json\/wp\/v2\/users\/2"}],"replies":[{"embeddable":true,"href":"https:\/\/www.wohnmobil-world.de\/index.php\/wp-json\/wp\/v2\/comments?post=883"}],"version-history":[{"count":17,"href":"https:\/\/www.wohnmobil-world.de\/index.php\/wp-json\/wp\/v2\/posts\/883\/revisions"}],"predecessor-version":[{"id":908,"href":"https:\/\/www.wohnmobil-world.de\/index.php\/wp-json\/wp\/v2\/posts\/883\/revisions\/908"}],"wp:featuredmedia":[{"embeddable":true,"href":"https:\/\/www.wohnmobil-world.de\/index.php\/wp-json\/wp\/v2\/media\/841"}],"wp:attachment":[{"href":"https:\/\/www.wohnmobil-world.de\/index.php\/wp-json\/wp\/v2\/media?parent=883"}],"wp:term":[{"taxonomy":"category","embeddable":true,"href":"https:\/\/www.wohnmobil-world.de\/index.php\/wp-json\/wp\/v2\/categories?post=883"},{"taxonomy":"post_tag","embeddable":true,"href":"https:\/\/www.wohnmobil-world.de\/index.php\/wp-json\/wp\/v2\/tags?post=883"}],"curies":[{"name":"wp","href":"https:\/\/api.w.org\/{rel}","templated":true}]}}