{"id":746,"date":"2018-11-20T11:21:23","date_gmt":"2018-11-20T11:21:23","guid":{"rendered":"https:\/\/wohnmobil-world.de\/?p=746"},"modified":"2018-12-14T10:27:00","modified_gmt":"2018-12-14T10:27:00","slug":"carado-vlow-600","status":"publish","type":"post","link":"https:\/\/www.wohnmobil-world.de\/index.php\/2018\/11\/20\/carado-vlow-600\/","title":{"rendered":"Der Carado Vlow 600 im Fahrbericht"},"content":{"rendered":"<p>&nbsp;<\/p>\n<p>Wendig, kompakt und universell einsetzbar. Der Camper Van VLOW 600 ist das moderne Freizeitfahrzeug von Carado. Ob spontane \u00dcbernachtung in der Natur, City-Hopping im mobilen Zuhause oder auch die ganz gro\u00dfe Traumtour kreuz und quer durch Europa. Durch seine kompakte Gr\u00f6\u00dfe sind die Einsatzzwecke sehr variabel. Als Einstiegsmodell punktet der Carado Vlow 600 mit einem attraktiven Preis. Im Modelljahr 2019 bringt die Reisemobilmarke eine neue Generation des kleinen Raumwunders auf die Stra\u00dfe und wir wollen schauen, wie er sich schl\u00e4gt.<!--more--><\/p>\n<p><iframe loading=\"lazy\" src=\"https:\/\/www.youtube.com\/embed\/ZCiqZlmW2xs\" width=\"560\" height=\"315\" frameborder=\"0\" allowfullscreen=\"allowfullscreen\"><\/iframe><\/p>\n<p>Der VLOW wird in Isny im Allg\u00e4u produziert. Mit seinen Details und Neuerungen will er h\u00f6chsten Anspr\u00fcchen gen\u00fcgen und bietet in L\u00e4ngen von 541 bis 636 Zentimetern je nach Grundriss und Ausstattung bis zu vier Personen Platz. Zur Auswahl stehen die Modelle 540 und 600 mit Querbetten sowie der 601 mit Stockbetten und der 640 mit l\u00e4ngs ausgerichtetem Queensize-Bett. Optional l\u00e4sst sich im vorderen Bereich des Fahrzeugs ein weiteres G\u00e4stebett integrieren.<\/p>\n<p>&nbsp;<\/p>\n<p><a href=\"https:\/\/www.wohnmobil-world.de\/wp-content\/uploads\/2018\/11\/IMG_1660_1200x900.jpg\"><img loading=\"lazy\" decoding=\"async\" class=\"alignnone size-medium wp-image-850\" src=\"https:\/\/www.wohnmobil-world.de\/wp-content\/uploads\/2018\/11\/IMG_1660_1200x900-300x225.jpg\" alt=\"\" width=\"300\" height=\"225\" srcset=\"https:\/\/www.wohnmobil-world.de\/wp-content\/uploads\/2018\/11\/IMG_1660_1200x900-300x225.jpg 300w, https:\/\/www.wohnmobil-world.de\/wp-content\/uploads\/2018\/11\/IMG_1660_1200x900-768x576.jpg 768w, https:\/\/www.wohnmobil-world.de\/wp-content\/uploads\/2018\/11\/IMG_1660_1200x900-1024x768.jpg 1024w, https:\/\/www.wohnmobil-world.de\/wp-content\/uploads\/2018\/11\/IMG_1660_1200x900-120x90.jpg 120w, https:\/\/www.wohnmobil-world.de\/wp-content\/uploads\/2018\/11\/IMG_1660_1200x900.jpg 1200w\" sizes=\"auto, (max-width: 300px) 100vw, 300px\" \/><\/a><\/p>\n<h3>Innen<\/h3>\n<p>Im Inneren \u00fcberrascht eine schicke Bicolor M\u00f6belkonstruktion. Optional gibt es die Polster auch in der Farbkombination Arctica. Ein angenehmes Lichtambiente entsteht durch die indirekte Beleuchtung des Podestes mit LED-Leisten. Die Neupositionierung des K\u00fchlschranks hat das Raumgef\u00fchl deutlich ver\u00e4ndert.<br \/>\nDank der angehobenen Arbeitsh\u00f6he in der K\u00fcche des neuen Camper Vans verbessert sich sp\u00fcrbar die Ergonomie, so dass auch gr\u00f6\u00dfere Personen ohne Probleme im Stehen kochen k\u00f6nnen. Eine Halb-Dinette als Sitzgelegenheit sorgt daf\u00fcr, dass man das Essen auch zu sich nehmen kann. Zur Serienausstattung des VLOW geh\u00f6ren unter anderem der K\u00fchlschrank, ein Zwei-Flamm-Gaskocher mit praktischer Piezzo-Z\u00fcndung sowie eine geteilte Kocher- und Sp\u00fclenabdeckung. Diese erm\u00f6glicht es, den Arbeitsbereich optimal zu nutzen, solange nur eine H\u00e4lfte gerade gebraucht wird.<\/p>\n<p>Auch Schlafraum und Heck hat Carado bei der Neuauflage des beliebten VLOW angefasst und weiter optimiert. Ausgestattet mit stapelbarem Teillattenrost, hochwertigen Matratzen, optionalen Fenstern an den L\u00e4ngsseiten des Fahrzeuges und vier Verzurr\u00f6sen zur sicheren Befestigung der Fracht l\u00e4sst sich der hintere Teil des Fahrzeugs bis zum letzten Zentimeter nutzen. Dabei konnte der Durchgang zwischen den Betten noch verbreitert werden. So entsteht zus\u00e4tzlicher Stauraum f\u00fcr all die gro\u00dfen und kleinen Dinge, die man bei einer Tour so braucht.<\/p>\n<p>Der Waschraum des neuen VLOW ist, nat\u00fcrlich auch der Au\u00dfenl\u00e4nge geschuldet, etwas enger, punktet aber mit festem Waschbecken, Kosmetikschrank und einer Dachhaube. Wer sich f\u00fcr das optionale Dusch-Paket entscheidet, erh\u00e4lt zudem eine ausziehbare Brause, einen Duschvorhang sowie eine F\u00fchrungsschiene und einen Brausehalter.<\/p>\n<p>&nbsp;<\/p>\n<p><a href=\"https:\/\/www.wohnmobil-world.de\/wp-content\/uploads\/2018\/11\/IMG_1667_1200x900.jpg\"><img loading=\"lazy\" decoding=\"async\" class=\"alignnone size-medium wp-image-857\" src=\"https:\/\/www.wohnmobil-world.de\/wp-content\/uploads\/2018\/11\/IMG_1667_1200x900-300x225.jpg\" alt=\"\" width=\"300\" height=\"225\" srcset=\"https:\/\/www.wohnmobil-world.de\/wp-content\/uploads\/2018\/11\/IMG_1667_1200x900-300x225.jpg 300w, https:\/\/www.wohnmobil-world.de\/wp-content\/uploads\/2018\/11\/IMG_1667_1200x900-768x576.jpg 768w, https:\/\/www.wohnmobil-world.de\/wp-content\/uploads\/2018\/11\/IMG_1667_1200x900-1024x768.jpg 1024w, https:\/\/www.wohnmobil-world.de\/wp-content\/uploads\/2018\/11\/IMG_1667_1200x900-120x90.jpg 120w, https:\/\/www.wohnmobil-world.de\/wp-content\/uploads\/2018\/11\/IMG_1667_1200x900.jpg 1200w\" sizes=\"auto, (max-width: 300px) 100vw, 300px\" \/><\/a> <a href=\"https:\/\/www.wohnmobil-world.de\/wp-content\/uploads\/2018\/11\/IMG_1664_1200x900.jpg\"><img loading=\"lazy\" decoding=\"async\" class=\"alignnone size-medium wp-image-854\" src=\"https:\/\/www.wohnmobil-world.de\/wp-content\/uploads\/2018\/11\/IMG_1664_1200x900-300x225.jpg\" alt=\"\" width=\"300\" height=\"225\" srcset=\"https:\/\/www.wohnmobil-world.de\/wp-content\/uploads\/2018\/11\/IMG_1664_1200x900-300x225.jpg 300w, https:\/\/www.wohnmobil-world.de\/wp-content\/uploads\/2018\/11\/IMG_1664_1200x900-768x576.jpg 768w, https:\/\/www.wohnmobil-world.de\/wp-content\/uploads\/2018\/11\/IMG_1664_1200x900-1024x768.jpg 1024w, https:\/\/www.wohnmobil-world.de\/wp-content\/uploads\/2018\/11\/IMG_1664_1200x900-120x90.jpg 120w, https:\/\/www.wohnmobil-world.de\/wp-content\/uploads\/2018\/11\/IMG_1664_1200x900.jpg 1200w\" sizes=\"auto, (max-width: 300px) 100vw, 300px\" \/><\/a> <a href=\"https:\/\/www.wohnmobil-world.de\/wp-content\/uploads\/2018\/11\/IMG_1662_1200x900.jpg\"><img loading=\"lazy\" decoding=\"async\" class=\"alignnone size-medium wp-image-852\" src=\"https:\/\/www.wohnmobil-world.de\/wp-content\/uploads\/2018\/11\/IMG_1662_1200x900-300x225.jpg\" alt=\"\" width=\"300\" height=\"225\" srcset=\"https:\/\/www.wohnmobil-world.de\/wp-content\/uploads\/2018\/11\/IMG_1662_1200x900-300x225.jpg 300w, https:\/\/www.wohnmobil-world.de\/wp-content\/uploads\/2018\/11\/IMG_1662_1200x900-768x576.jpg 768w, https:\/\/www.wohnmobil-world.de\/wp-content\/uploads\/2018\/11\/IMG_1662_1200x900-1024x768.jpg 1024w, https:\/\/www.wohnmobil-world.de\/wp-content\/uploads\/2018\/11\/IMG_1662_1200x900-120x90.jpg 120w, https:\/\/www.wohnmobil-world.de\/wp-content\/uploads\/2018\/11\/IMG_1662_1200x900.jpg 1200w\" sizes=\"auto, (max-width: 300px) 100vw, 300px\" \/><\/a> <a href=\"https:\/\/www.wohnmobil-world.de\/wp-content\/uploads\/2018\/11\/IMG_1673_1200x900.jpg\"><img loading=\"lazy\" decoding=\"async\" class=\"alignnone size-medium wp-image-863\" src=\"https:\/\/www.wohnmobil-world.de\/wp-content\/uploads\/2018\/11\/IMG_1673_1200x900-300x225.jpg\" alt=\"\" width=\"300\" height=\"225\" srcset=\"https:\/\/www.wohnmobil-world.de\/wp-content\/uploads\/2018\/11\/IMG_1673_1200x900-300x225.jpg 300w, https:\/\/www.wohnmobil-world.de\/wp-content\/uploads\/2018\/11\/IMG_1673_1200x900-768x576.jpg 768w, https:\/\/www.wohnmobil-world.de\/wp-content\/uploads\/2018\/11\/IMG_1673_1200x900-1024x768.jpg 1024w, https:\/\/www.wohnmobil-world.de\/wp-content\/uploads\/2018\/11\/IMG_1673_1200x900-120x90.jpg 120w, https:\/\/www.wohnmobil-world.de\/wp-content\/uploads\/2018\/11\/IMG_1673_1200x900.jpg 1200w\" sizes=\"auto, (max-width: 300px) 100vw, 300px\" \/><\/a><\/p>\n<p>&nbsp;<\/p>\n<p>&nbsp;<\/p>\n<h3>Ausstattung<\/h3>\n<p>Neu ist die M\u00f6glichkeit der Ausstattung mit Isofix zur komfortablen Befestigung des Kindersitzes. So k\u00f6nnen auch die j\u00fcngsten Camper sicher mitreisen. Weitere Angebote zur Individualisierung des Fahrzeugs umfassen unter anderem eine USB-Steckdose in der Lichtleiste, eine gro\u00dfe Auswahl an Heizsystemen und ein frei positionierbares Rollo zum Sonnen-, Sicht- und Insektenschutz. Dank einer weiter verbesserten Isolation garantiert der Camper Van auch im hohen Norden sowie in k\u00fchlen N\u00e4chten ein angenehmes Wohlf\u00fchlklima und somit die gleiche Gem\u00fctlichkeit wie zuhause. Durch verschiedene Ausstattungspakete lassen sich Wohnbereich und Chassis genau auf die eigenen W\u00fcnsche zuschneiden.<\/p>\n<p><a href=\"https:\/\/www.wohnmobil-world.de\/wp-content\/uploads\/2018\/11\/IMG_1666_1200x900.jpg\"><img loading=\"lazy\" decoding=\"async\" class=\"alignnone size-medium wp-image-856\" src=\"https:\/\/www.wohnmobil-world.de\/wp-content\/uploads\/2018\/11\/IMG_1666_1200x900-300x225.jpg\" alt=\"\" width=\"300\" height=\"225\" srcset=\"https:\/\/www.wohnmobil-world.de\/wp-content\/uploads\/2018\/11\/IMG_1666_1200x900-300x225.jpg 300w, https:\/\/www.wohnmobil-world.de\/wp-content\/uploads\/2018\/11\/IMG_1666_1200x900-768x576.jpg 768w, https:\/\/www.wohnmobil-world.de\/wp-content\/uploads\/2018\/11\/IMG_1666_1200x900-1024x768.jpg 1024w, https:\/\/www.wohnmobil-world.de\/wp-content\/uploads\/2018\/11\/IMG_1666_1200x900-120x90.jpg 120w, https:\/\/www.wohnmobil-world.de\/wp-content\/uploads\/2018\/11\/IMG_1666_1200x900.jpg 1200w\" sizes=\"auto, (max-width: 300px) 100vw, 300px\" \/><\/a> <a href=\"https:\/\/www.wohnmobil-world.de\/wp-content\/uploads\/2018\/11\/IMG_1668_1200x900.jpg\"><img loading=\"lazy\" decoding=\"async\" class=\"alignnone size-medium wp-image-858\" src=\"https:\/\/www.wohnmobil-world.de\/wp-content\/uploads\/2018\/11\/IMG_1668_1200x900-300x225.jpg\" alt=\"\" width=\"300\" height=\"225\" srcset=\"https:\/\/www.wohnmobil-world.de\/wp-content\/uploads\/2018\/11\/IMG_1668_1200x900-300x225.jpg 300w, https:\/\/www.wohnmobil-world.de\/wp-content\/uploads\/2018\/11\/IMG_1668_1200x900-768x576.jpg 768w, https:\/\/www.wohnmobil-world.de\/wp-content\/uploads\/2018\/11\/IMG_1668_1200x900-1024x768.jpg 1024w, https:\/\/www.wohnmobil-world.de\/wp-content\/uploads\/2018\/11\/IMG_1668_1200x900-120x90.jpg 120w, https:\/\/www.wohnmobil-world.de\/wp-content\/uploads\/2018\/11\/IMG_1668_1200x900.jpg 1200w\" sizes=\"auto, (max-width: 300px) 100vw, 300px\" \/><\/a> <a href=\"https:\/\/www.wohnmobil-world.de\/wp-content\/uploads\/2018\/11\/IMG_1669_1200x900.jpg\"><img loading=\"lazy\" decoding=\"async\" class=\"alignnone size-medium wp-image-859\" src=\"https:\/\/www.wohnmobil-world.de\/wp-content\/uploads\/2018\/11\/IMG_1669_1200x900-300x225.jpg\" alt=\"\" width=\"300\" height=\"225\" srcset=\"https:\/\/www.wohnmobil-world.de\/wp-content\/uploads\/2018\/11\/IMG_1669_1200x900-300x225.jpg 300w, https:\/\/www.wohnmobil-world.de\/wp-content\/uploads\/2018\/11\/IMG_1669_1200x900-768x576.jpg 768w, https:\/\/www.wohnmobil-world.de\/wp-content\/uploads\/2018\/11\/IMG_1669_1200x900-1024x768.jpg 1024w, https:\/\/www.wohnmobil-world.de\/wp-content\/uploads\/2018\/11\/IMG_1669_1200x900-120x90.jpg 120w, https:\/\/www.wohnmobil-world.de\/wp-content\/uploads\/2018\/11\/IMG_1669_1200x900.jpg 1200w\" sizes=\"auto, (max-width: 300px) 100vw, 300px\" \/><\/a> <a href=\"https:\/\/www.wohnmobil-world.de\/wp-content\/uploads\/2018\/11\/IMG_1670_1200x900.jpg\"><img loading=\"lazy\" decoding=\"async\" class=\"alignnone size-medium wp-image-860\" src=\"https:\/\/www.wohnmobil-world.de\/wp-content\/uploads\/2018\/11\/IMG_1670_1200x900-300x225.jpg\" alt=\"\" width=\"300\" height=\"225\" srcset=\"https:\/\/www.wohnmobil-world.de\/wp-content\/uploads\/2018\/11\/IMG_1670_1200x900-300x225.jpg 300w, https:\/\/www.wohnmobil-world.de\/wp-content\/uploads\/2018\/11\/IMG_1670_1200x900-768x576.jpg 768w, https:\/\/www.wohnmobil-world.de\/wp-content\/uploads\/2018\/11\/IMG_1670_1200x900-1024x768.jpg 1024w, https:\/\/www.wohnmobil-world.de\/wp-content\/uploads\/2018\/11\/IMG_1670_1200x900-120x90.jpg 120w, https:\/\/www.wohnmobil-world.de\/wp-content\/uploads\/2018\/11\/IMG_1670_1200x900.jpg 1200w\" sizes=\"auto, (max-width: 300px) 100vw, 300px\" \/><\/a><\/p>\n<p>&nbsp;<\/p>\n<h3>Au\u00dfen<\/h3>\n<p>&nbsp;<\/p>\n<p>Den Vlow gibt es in Wei\u00df, aber auch in den Farbt\u00f6nen Aluminio Grau metallic und Fer Grau metallic. Wer es etwas ausgefallener mag, findet im Sondermodell VLOW unlimited mit attraktiver Au\u00dfenbeklebung den zu ihm passenden Camper Van. Alle vier Grundrisse mit zahlreichen Ausstattungsextras sind in der Sonderedition zu einem Vorteilspreis erh\u00e4ltlich.<\/p>\n<p><a href=\"https:\/\/www.wohnmobil-world.de\/wp-content\/uploads\/2018\/11\/IMG_1679_1200x900.jpg\"><img loading=\"lazy\" decoding=\"async\" class=\"alignnone size-medium wp-image-869\" src=\"https:\/\/www.wohnmobil-world.de\/wp-content\/uploads\/2018\/11\/IMG_1679_1200x900-300x225.jpg\" alt=\"\" width=\"300\" height=\"225\" srcset=\"https:\/\/www.wohnmobil-world.de\/wp-content\/uploads\/2018\/11\/IMG_1679_1200x900-300x225.jpg 300w, https:\/\/www.wohnmobil-world.de\/wp-content\/uploads\/2018\/11\/IMG_1679_1200x900-768x576.jpg 768w, https:\/\/www.wohnmobil-world.de\/wp-content\/uploads\/2018\/11\/IMG_1679_1200x900-1024x768.jpg 1024w, https:\/\/www.wohnmobil-world.de\/wp-content\/uploads\/2018\/11\/IMG_1679_1200x900-120x90.jpg 120w, https:\/\/www.wohnmobil-world.de\/wp-content\/uploads\/2018\/11\/IMG_1679_1200x900.jpg 1200w\" sizes=\"auto, (max-width: 300px) 100vw, 300px\" \/><\/a> <a href=\"https:\/\/www.wohnmobil-world.de\/wp-content\/uploads\/2018\/11\/IMG_1680_1200x900.jpg\"><img loading=\"lazy\" decoding=\"async\" class=\"alignnone size-medium wp-image-870\" src=\"https:\/\/www.wohnmobil-world.de\/wp-content\/uploads\/2018\/11\/IMG_1680_1200x900-300x225.jpg\" alt=\"\" width=\"300\" height=\"225\" srcset=\"https:\/\/www.wohnmobil-world.de\/wp-content\/uploads\/2018\/11\/IMG_1680_1200x900-300x225.jpg 300w, https:\/\/www.wohnmobil-world.de\/wp-content\/uploads\/2018\/11\/IMG_1680_1200x900-768x576.jpg 768w, https:\/\/www.wohnmobil-world.de\/wp-content\/uploads\/2018\/11\/IMG_1680_1200x900-1024x768.jpg 1024w, https:\/\/www.wohnmobil-world.de\/wp-content\/uploads\/2018\/11\/IMG_1680_1200x900-120x90.jpg 120w, https:\/\/www.wohnmobil-world.de\/wp-content\/uploads\/2018\/11\/IMG_1680_1200x900.jpg 1200w\" sizes=\"auto, (max-width: 300px) 100vw, 300px\" \/><\/a> <a href=\"https:\/\/www.wohnmobil-world.de\/wp-content\/uploads\/2018\/11\/IMG_1678_1200x900.jpg\"><img loading=\"lazy\" decoding=\"async\" class=\"alignnone size-medium wp-image-868\" src=\"https:\/\/www.wohnmobil-world.de\/wp-content\/uploads\/2018\/11\/IMG_1678_1200x900-300x225.jpg\" alt=\"\" width=\"300\" height=\"225\" srcset=\"https:\/\/www.wohnmobil-world.de\/wp-content\/uploads\/2018\/11\/IMG_1678_1200x900-300x225.jpg 300w, https:\/\/www.wohnmobil-world.de\/wp-content\/uploads\/2018\/11\/IMG_1678_1200x900-768x576.jpg 768w, https:\/\/www.wohnmobil-world.de\/wp-content\/uploads\/2018\/11\/IMG_1678_1200x900-1024x768.jpg 1024w, https:\/\/www.wohnmobil-world.de\/wp-content\/uploads\/2018\/11\/IMG_1678_1200x900-120x90.jpg 120w, https:\/\/www.wohnmobil-world.de\/wp-content\/uploads\/2018\/11\/IMG_1678_1200x900.jpg 1200w\" sizes=\"auto, (max-width: 300px) 100vw, 300px\" \/><\/a><\/p>\n<p>&nbsp;<\/p>\n<h3>Fazit<\/h3>\n<p>Der\u00a0 Carado Vlow 600 ist ein typisches Einstiegsmodell in die Welt der Wohnmobile. Mit g\u00fcnstigen Startpreisen, die man mit diversen Extras aber auch deutlich steigern kann, aber auch kompakten Au\u00dfenma\u00dfen. Er spricht eher P\u00e4rchen an, da der Raum bauartbedingt nat\u00fcrlich begrenzt ist, daf\u00fcr bietet\u00a0 der Carado Vlow 600 sich aber im Gegenzug auch an, das &#8222;Zweitauto&#8220; f\u00fcr &#8222;in der Woche&#8220; zu ersetzen.<\/p>\n<p>Gut gefallen haben uns die kompakten Au\u00dfenma\u00dfe, das eher &#8222;PKW-like&#8220; Fahrverhalten, die Farbgestaltung des Innenraums, aber auch die Anordnung des K\u00fchlschrankes, der es erlaubt, auch von au\u00dfen schnell erreichbar zu sein. Das Bad ist zwar an Bord, seine Ausma\u00dfe sind aber begrenzt und dementsprechend eher von schlanken Menschen zu benutzen. Wohltuend auch, dass es ihn in verschiedenen Au\u00dfenfarben gibt, so dass man nicht immer die eher langweilige Farbe &#8222;wei\u00df&#8220; hat.<\/p>\n<p>&nbsp;<\/p>\n<p>&nbsp;<\/p>\n<p>Text: Carado\/Thomas Blachetzki<\/p>\n<p>Bilder\/Video: Thomas Blachetzki<\/p>\n","protected":false},"excerpt":{"rendered":"<p>&nbsp; Wendig, kompakt und universell einsetzbar. Der Camper Van VLOW 600 ist das moderne Freizeitfahrzeug von Carado. Ob spontane \u00dcbernachtung in der Natur, City-Hopping im mobilen Zuhause oder auch die ganz gro\u00dfe Traumtour kreuz und quer durch Europa. Durch seine kompakte Gr\u00f6\u00dfe sind die Einsatzzwecke sehr variabel. Als Einstiegsmodell punktet der Carado Vlow 600 mit&hellip;<\/p>\n","protected":false},"author":2,"featured_media":866,"comment_status":"open","ping_status":"closed","sticky":false,"template":"","format":"standard","meta":{"_crdt_document":"","_exactmetrics_skip_tracking":false,"_exactmetrics_sitenote_active":false,"_exactmetrics_sitenote_note":"","_exactmetrics_sitenote_category":0,"footnotes":""},"categories":[69,28,6],"tags":[34,55,56,64,27,35,40,50,39,24,67,26,25,23,37],"class_list":["post-746","post","type-post","status-publish","format-standard","has-post-thumbnail","hentry","category-carado","category-fahrbericht","category-integriert","tag-camper","tag-campervanlife","tag-camping","tag-carado","tag-fahrbericht","tag-integriert","tag-neu","tag-neuheit","tag-news","tag-reisemobil","tag-reisen","tag-review","tag-test","tag-wohnmobil","tag-wohnmobil-world-de"],"yoast_head":"<!-- This site is optimized with the Yoast SEO plugin v27.5 - https:\/\/yoast.com\/product\/yoast-seo-wordpress\/ -->\n<title>Der Carado Vlow 600 im Fahrbericht - Wohnmobil-world.de<\/title>\n<meta name=\"description\" content=\"Reist mit uns in die gro\u00dfe Welt der beliebtesten Reisemobile in Deutschland, Europa und der Welt. Wir liefern Fahrberichte, Tests und Fakten! Unser Blog: wohnmobil-world.de Facebook: https:\/\/www.facebook.com\/wohnmobilworld Instagram: https:\/\/www.instagram.com\/wohnmobilworld.de\/ Twitter: @wohnmobilD\" \/>\n<meta name=\"robots\" content=\"index, follow, max-snippet:-1, max-image-preview:large, max-video-preview:-1\" \/>\n<link rel=\"canonical\" href=\"https:\/\/www.wohnmobil-world.de\/index.php\/2018\/11\/20\/carado-vlow-600\/\" \/>\n<meta property=\"og:locale\" content=\"de_DE\" \/>\n<meta property=\"og:type\" content=\"article\" \/>\n<meta property=\"og:title\" content=\"Der Carado Vlow 600 im Fahrbericht - Wohnmobil-world.de\" \/>\n<meta property=\"og:description\" content=\"Reist mit uns in die gro\u00dfe Welt der beliebtesten Reisemobile in Deutschland, Europa und der Welt. Wir liefern Fahrberichte, Tests und Fakten! Unser Blog: wohnmobil-world.de Facebook: https:\/\/www.facebook.com\/wohnmobilworld Instagram: https:\/\/www.instagram.com\/wohnmobilworld.de\/ Twitter: @wohnmobilD\" \/>\n<meta property=\"og:url\" content=\"https:\/\/www.wohnmobil-world.de\/index.php\/2018\/11\/20\/carado-vlow-600\/\" \/>\n<meta property=\"og:site_name\" content=\"Wohnmobil-world.de\" \/>\n<meta property=\"article:publisher\" content=\"https:\/\/www.facebook.com\/wohnmobilworld\/\" \/>\n<meta property=\"article:published_time\" content=\"2018-11-20T11:21:23+00:00\" \/>\n<meta property=\"article:modified_time\" content=\"2018-12-14T10:27:00+00:00\" \/>\n<meta property=\"og:image\" content=\"https:\/\/www.wohnmobil-world.de\/wp-content\/uploads\/2018\/11\/IMG_1676_1200x900.jpg\" \/>\n\t<meta property=\"og:image:width\" content=\"1200\" \/>\n\t<meta property=\"og:image:height\" content=\"900\" \/>\n\t<meta property=\"og:image:type\" content=\"image\/jpeg\" \/>\n<meta name=\"author\" content=\"Thomas Blachetzki\" \/>\n<meta name=\"twitter:card\" content=\"summary_large_image\" \/>\n<meta name=\"twitter:creator\" content=\"@WohnmobilD\" \/>\n<meta name=\"twitter:site\" content=\"@WohnmobilD\" \/>\n<meta name=\"twitter:label1\" content=\"Verfasst von\" \/>\n\t<meta name=\"twitter:data1\" content=\"Thomas Blachetzki\" \/>\n\t<meta name=\"twitter:label2\" content=\"Gesch\u00e4tzte Lesezeit\" \/>\n\t<meta name=\"twitter:data2\" content=\"4\u00a0Minuten\" \/>\n<script type=\"application\/ld+json\" class=\"yoast-schema-graph\">{\"@context\":\"https:\\\/\\\/schema.org\",\"@graph\":[{\"@type\":\"Article\",\"@id\":\"https:\\\/\\\/www.wohnmobil-world.de\\\/index.php\\\/2018\\\/11\\\/20\\\/carado-vlow-600\\\/#article\",\"isPartOf\":{\"@id\":\"https:\\\/\\\/www.wohnmobil-world.de\\\/index.php\\\/2018\\\/11\\\/20\\\/carado-vlow-600\\\/\"},\"author\":{\"name\":\"Thomas Blachetzki\",\"@id\":\"https:\\\/\\\/www.wohnmobil-world.de\\\/#\\\/schema\\\/person\\\/4fdb7cae886aa04e07cc7e671de66422\"},\"headline\":\"Der Carado Vlow 600 im Fahrbericht\",\"datePublished\":\"2018-11-20T11:21:23+00:00\",\"dateModified\":\"2018-12-14T10:27:00+00:00\",\"mainEntityOfPage\":{\"@id\":\"https:\\\/\\\/www.wohnmobil-world.de\\\/index.php\\\/2018\\\/11\\\/20\\\/carado-vlow-600\\\/\"},\"wordCount\":741,\"commentCount\":0,\"publisher\":{\"@id\":\"https:\\\/\\\/www.wohnmobil-world.de\\\/#organization\"},\"image\":{\"@id\":\"https:\\\/\\\/www.wohnmobil-world.de\\\/index.php\\\/2018\\\/11\\\/20\\\/carado-vlow-600\\\/#primaryimage\"},\"thumbnailUrl\":\"https:\\\/\\\/www.wohnmobil-world.de\\\/wp-content\\\/uploads\\\/2018\\\/11\\\/IMG_1676_1200x900.jpg\",\"keywords\":[\"Camper\",\"Campervanlife\",\"camping\",\"carado\",\"fahrbericht\",\"Integriert\",\"Neu\",\"Neuheit\",\"News\",\"reisemobil\",\"reisen\",\"review\",\"test\",\"Wohnmobil\",\"wohnmobil-world.de\"],\"articleSection\":[\"Carado\",\"Fahrbericht\",\"Integriert\"],\"inLanguage\":\"de\"},{\"@type\":\"WebPage\",\"@id\":\"https:\\\/\\\/www.wohnmobil-world.de\\\/index.php\\\/2018\\\/11\\\/20\\\/carado-vlow-600\\\/\",\"url\":\"https:\\\/\\\/www.wohnmobil-world.de\\\/index.php\\\/2018\\\/11\\\/20\\\/carado-vlow-600\\\/\",\"name\":\"Der Carado Vlow 600 im Fahrbericht - Wohnmobil-world.de\",\"isPartOf\":{\"@id\":\"https:\\\/\\\/www.wohnmobil-world.de\\\/#website\"},\"primaryImageOfPage\":{\"@id\":\"https:\\\/\\\/www.wohnmobil-world.de\\\/index.php\\\/2018\\\/11\\\/20\\\/carado-vlow-600\\\/#primaryimage\"},\"image\":{\"@id\":\"https:\\\/\\\/www.wohnmobil-world.de\\\/index.php\\\/2018\\\/11\\\/20\\\/carado-vlow-600\\\/#primaryimage\"},\"thumbnailUrl\":\"https:\\\/\\\/www.wohnmobil-world.de\\\/wp-content\\\/uploads\\\/2018\\\/11\\\/IMG_1676_1200x900.jpg\",\"datePublished\":\"2018-11-20T11:21:23+00:00\",\"dateModified\":\"2018-12-14T10:27:00+00:00\",\"description\":\"Reist mit uns in die gro\u00dfe Welt der beliebtesten Reisemobile in Deutschland, Europa und der Welt. Wir liefern Fahrberichte, Tests und Fakten! Unser Blog: wohnmobil-world.de Facebook: https:\\\/\\\/www.facebook.com\\\/wohnmobilworld Instagram: https:\\\/\\\/www.instagram.com\\\/wohnmobilworld.de\\\/ Twitter: @wohnmobilD\",\"breadcrumb\":{\"@id\":\"https:\\\/\\\/www.wohnmobil-world.de\\\/index.php\\\/2018\\\/11\\\/20\\\/carado-vlow-600\\\/#breadcrumb\"},\"inLanguage\":\"de\",\"potentialAction\":[{\"@type\":\"ReadAction\",\"target\":[\"https:\\\/\\\/www.wohnmobil-world.de\\\/index.php\\\/2018\\\/11\\\/20\\\/carado-vlow-600\\\/\"]}]},{\"@type\":\"ImageObject\",\"inLanguage\":\"de\",\"@id\":\"https:\\\/\\\/www.wohnmobil-world.de\\\/index.php\\\/2018\\\/11\\\/20\\\/carado-vlow-600\\\/#primaryimage\",\"url\":\"https:\\\/\\\/www.wohnmobil-world.de\\\/wp-content\\\/uploads\\\/2018\\\/11\\\/IMG_1676_1200x900.jpg\",\"contentUrl\":\"https:\\\/\\\/www.wohnmobil-world.de\\\/wp-content\\\/uploads\\\/2018\\\/11\\\/IMG_1676_1200x900.jpg\",\"width\":1200,\"height\":900},{\"@type\":\"BreadcrumbList\",\"@id\":\"https:\\\/\\\/www.wohnmobil-world.de\\\/index.php\\\/2018\\\/11\\\/20\\\/carado-vlow-600\\\/#breadcrumb\",\"itemListElement\":[{\"@type\":\"ListItem\",\"position\":1,\"name\":\"Startseite\",\"item\":\"https:\\\/\\\/www.wohnmobil-world.de\\\/\"},{\"@type\":\"ListItem\",\"position\":2,\"name\":\"Der Carado Vlow 600 im Fahrbericht\"}]},{\"@type\":\"WebSite\",\"@id\":\"https:\\\/\\\/www.wohnmobil-world.de\\\/#website\",\"url\":\"https:\\\/\\\/www.wohnmobil-world.de\\\/\",\"name\":\"Wohnmobil-world.de\",\"description\":\"Alles \u00fcber Wohnmobile und mehr...\",\"publisher\":{\"@id\":\"https:\\\/\\\/www.wohnmobil-world.de\\\/#organization\"},\"potentialAction\":[{\"@type\":\"SearchAction\",\"target\":{\"@type\":\"EntryPoint\",\"urlTemplate\":\"https:\\\/\\\/www.wohnmobil-world.de\\\/?s={search_term_string}\"},\"query-input\":{\"@type\":\"PropertyValueSpecification\",\"valueRequired\":true,\"valueName\":\"search_term_string\"}}],\"inLanguage\":\"de\"},{\"@type\":\"Organization\",\"@id\":\"https:\\\/\\\/www.wohnmobil-world.de\\\/#organization\",\"name\":\"wohnmobil-world.de\",\"url\":\"https:\\\/\\\/www.wohnmobil-world.de\\\/\",\"logo\":{\"@type\":\"ImageObject\",\"inLanguage\":\"de\",\"@id\":\"https:\\\/\\\/www.wohnmobil-world.de\\\/#\\\/schema\\\/logo\\\/image\\\/\",\"url\":\"https:\\\/\\\/www.wohnmobil-world.de\\\/wp-content\\\/uploads\\\/2018\\\/06\\\/Web_Logo_rund_klein.png\",\"contentUrl\":\"https:\\\/\\\/www.wohnmobil-world.de\\\/wp-content\\\/uploads\\\/2018\\\/06\\\/Web_Logo_rund_klein.png\",\"width\":200,\"height\":150,\"caption\":\"wohnmobil-world.de\"},\"image\":{\"@id\":\"https:\\\/\\\/www.wohnmobil-world.de\\\/#\\\/schema\\\/logo\\\/image\\\/\"},\"sameAs\":[\"https:\\\/\\\/www.facebook.com\\\/wohnmobilworld\\\/\",\"https:\\\/\\\/x.com\\\/WohnmobilD\",\"https:\\\/\\\/www.instagram.com\\\/wohnmobilworld.de\\\/\",\"https:\\\/\\\/www.youtube.com\\\/c\\\/wohnmobilworld\"]},{\"@type\":\"Person\",\"@id\":\"https:\\\/\\\/www.wohnmobil-world.de\\\/#\\\/schema\\\/person\\\/4fdb7cae886aa04e07cc7e671de66422\",\"name\":\"Thomas Blachetzki\",\"image\":{\"@type\":\"ImageObject\",\"inLanguage\":\"de\",\"@id\":\"https:\\\/\\\/secure.gravatar.com\\\/avatar\\\/87be5f7f0519dece30edc90624668e740f9b4a8d7086cdefb2f24adbdb04885e?s=96&d=mm&r=g\",\"url\":\"https:\\\/\\\/secure.gravatar.com\\\/avatar\\\/87be5f7f0519dece30edc90624668e740f9b4a8d7086cdefb2f24adbdb04885e?s=96&d=mm&r=g\",\"contentUrl\":\"https:\\\/\\\/secure.gravatar.com\\\/avatar\\\/87be5f7f0519dece30edc90624668e740f9b4a8d7086cdefb2f24adbdb04885e?s=96&d=mm&r=g\",\"caption\":\"Thomas Blachetzki\"},\"url\":\"https:\\\/\\\/www.wohnmobil-world.de\\\/index.php\\\/author\\\/thomas\\\/\"}]}<\/script>\n<!-- \/ Yoast SEO plugin. -->","yoast_head_json":{"title":"Der Carado Vlow 600 im Fahrbericht - Wohnmobil-world.de","description":"Reist mit uns in die gro\u00dfe Welt der beliebtesten Reisemobile in Deutschland, Europa und der Welt. Wir liefern Fahrberichte, Tests und Fakten! Unser Blog: wohnmobil-world.de Facebook: https:\/\/www.facebook.com\/wohnmobilworld Instagram: https:\/\/www.instagram.com\/wohnmobilworld.de\/ Twitter: @wohnmobilD","robots":{"index":"index","follow":"follow","max-snippet":"max-snippet:-1","max-image-preview":"max-image-preview:large","max-video-preview":"max-video-preview:-1"},"canonical":"https:\/\/www.wohnmobil-world.de\/index.php\/2018\/11\/20\/carado-vlow-600\/","og_locale":"de_DE","og_type":"article","og_title":"Der Carado Vlow 600 im Fahrbericht - Wohnmobil-world.de","og_description":"Reist mit uns in die gro\u00dfe Welt der beliebtesten Reisemobile in Deutschland, Europa und der Welt. Wir liefern Fahrberichte, Tests und Fakten! Unser Blog: wohnmobil-world.de Facebook: https:\/\/www.facebook.com\/wohnmobilworld Instagram: https:\/\/www.instagram.com\/wohnmobilworld.de\/ Twitter: @wohnmobilD","og_url":"https:\/\/www.wohnmobil-world.de\/index.php\/2018\/11\/20\/carado-vlow-600\/","og_site_name":"Wohnmobil-world.de","article_publisher":"https:\/\/www.facebook.com\/wohnmobilworld\/","article_published_time":"2018-11-20T11:21:23+00:00","article_modified_time":"2018-12-14T10:27:00+00:00","og_image":[{"width":1200,"height":900,"url":"https:\/\/www.wohnmobil-world.de\/wp-content\/uploads\/2018\/11\/IMG_1676_1200x900.jpg","type":"image\/jpeg"}],"author":"Thomas Blachetzki","twitter_card":"summary_large_image","twitter_creator":"@WohnmobilD","twitter_site":"@WohnmobilD","twitter_misc":{"Verfasst von":"Thomas Blachetzki","Gesch\u00e4tzte Lesezeit":"4\u00a0Minuten"},"schema":{"@context":"https:\/\/schema.org","@graph":[{"@type":"Article","@id":"https:\/\/www.wohnmobil-world.de\/index.php\/2018\/11\/20\/carado-vlow-600\/#article","isPartOf":{"@id":"https:\/\/www.wohnmobil-world.de\/index.php\/2018\/11\/20\/carado-vlow-600\/"},"author":{"name":"Thomas Blachetzki","@id":"https:\/\/www.wohnmobil-world.de\/#\/schema\/person\/4fdb7cae886aa04e07cc7e671de66422"},"headline":"Der Carado Vlow 600 im Fahrbericht","datePublished":"2018-11-20T11:21:23+00:00","dateModified":"2018-12-14T10:27:00+00:00","mainEntityOfPage":{"@id":"https:\/\/www.wohnmobil-world.de\/index.php\/2018\/11\/20\/carado-vlow-600\/"},"wordCount":741,"commentCount":0,"publisher":{"@id":"https:\/\/www.wohnmobil-world.de\/#organization"},"image":{"@id":"https:\/\/www.wohnmobil-world.de\/index.php\/2018\/11\/20\/carado-vlow-600\/#primaryimage"},"thumbnailUrl":"https:\/\/www.wohnmobil-world.de\/wp-content\/uploads\/2018\/11\/IMG_1676_1200x900.jpg","keywords":["Camper","Campervanlife","camping","carado","fahrbericht","Integriert","Neu","Neuheit","News","reisemobil","reisen","review","test","Wohnmobil","wohnmobil-world.de"],"articleSection":["Carado","Fahrbericht","Integriert"],"inLanguage":"de"},{"@type":"WebPage","@id":"https:\/\/www.wohnmobil-world.de\/index.php\/2018\/11\/20\/carado-vlow-600\/","url":"https:\/\/www.wohnmobil-world.de\/index.php\/2018\/11\/20\/carado-vlow-600\/","name":"Der Carado Vlow 600 im Fahrbericht - Wohnmobil-world.de","isPartOf":{"@id":"https:\/\/www.wohnmobil-world.de\/#website"},"primaryImageOfPage":{"@id":"https:\/\/www.wohnmobil-world.de\/index.php\/2018\/11\/20\/carado-vlow-600\/#primaryimage"},"image":{"@id":"https:\/\/www.wohnmobil-world.de\/index.php\/2018\/11\/20\/carado-vlow-600\/#primaryimage"},"thumbnailUrl":"https:\/\/www.wohnmobil-world.de\/wp-content\/uploads\/2018\/11\/IMG_1676_1200x900.jpg","datePublished":"2018-11-20T11:21:23+00:00","dateModified":"2018-12-14T10:27:00+00:00","description":"Reist mit uns in die gro\u00dfe Welt der beliebtesten Reisemobile in Deutschland, Europa und der Welt. Wir liefern Fahrberichte, Tests und Fakten! Unser Blog: wohnmobil-world.de Facebook: https:\/\/www.facebook.com\/wohnmobilworld Instagram: https:\/\/www.instagram.com\/wohnmobilworld.de\/ Twitter: @wohnmobilD","breadcrumb":{"@id":"https:\/\/www.wohnmobil-world.de\/index.php\/2018\/11\/20\/carado-vlow-600\/#breadcrumb"},"inLanguage":"de","potentialAction":[{"@type":"ReadAction","target":["https:\/\/www.wohnmobil-world.de\/index.php\/2018\/11\/20\/carado-vlow-600\/"]}]},{"@type":"ImageObject","inLanguage":"de","@id":"https:\/\/www.wohnmobil-world.de\/index.php\/2018\/11\/20\/carado-vlow-600\/#primaryimage","url":"https:\/\/www.wohnmobil-world.de\/wp-content\/uploads\/2018\/11\/IMG_1676_1200x900.jpg","contentUrl":"https:\/\/www.wohnmobil-world.de\/wp-content\/uploads\/2018\/11\/IMG_1676_1200x900.jpg","width":1200,"height":900},{"@type":"BreadcrumbList","@id":"https:\/\/www.wohnmobil-world.de\/index.php\/2018\/11\/20\/carado-vlow-600\/#breadcrumb","itemListElement":[{"@type":"ListItem","position":1,"name":"Startseite","item":"https:\/\/www.wohnmobil-world.de\/"},{"@type":"ListItem","position":2,"name":"Der Carado Vlow 600 im Fahrbericht"}]},{"@type":"WebSite","@id":"https:\/\/www.wohnmobil-world.de\/#website","url":"https:\/\/www.wohnmobil-world.de\/","name":"Wohnmobil-world.de","description":"Alles \u00fcber Wohnmobile und mehr...","publisher":{"@id":"https:\/\/www.wohnmobil-world.de\/#organization"},"potentialAction":[{"@type":"SearchAction","target":{"@type":"EntryPoint","urlTemplate":"https:\/\/www.wohnmobil-world.de\/?s={search_term_string}"},"query-input":{"@type":"PropertyValueSpecification","valueRequired":true,"valueName":"search_term_string"}}],"inLanguage":"de"},{"@type":"Organization","@id":"https:\/\/www.wohnmobil-world.de\/#organization","name":"wohnmobil-world.de","url":"https:\/\/www.wohnmobil-world.de\/","logo":{"@type":"ImageObject","inLanguage":"de","@id":"https:\/\/www.wohnmobil-world.de\/#\/schema\/logo\/image\/","url":"https:\/\/www.wohnmobil-world.de\/wp-content\/uploads\/2018\/06\/Web_Logo_rund_klein.png","contentUrl":"https:\/\/www.wohnmobil-world.de\/wp-content\/uploads\/2018\/06\/Web_Logo_rund_klein.png","width":200,"height":150,"caption":"wohnmobil-world.de"},"image":{"@id":"https:\/\/www.wohnmobil-world.de\/#\/schema\/logo\/image\/"},"sameAs":["https:\/\/www.facebook.com\/wohnmobilworld\/","https:\/\/x.com\/WohnmobilD","https:\/\/www.instagram.com\/wohnmobilworld.de\/","https:\/\/www.youtube.com\/c\/wohnmobilworld"]},{"@type":"Person","@id":"https:\/\/www.wohnmobil-world.de\/#\/schema\/person\/4fdb7cae886aa04e07cc7e671de66422","name":"Thomas Blachetzki","image":{"@type":"ImageObject","inLanguage":"de","@id":"https:\/\/secure.gravatar.com\/avatar\/87be5f7f0519dece30edc90624668e740f9b4a8d7086cdefb2f24adbdb04885e?s=96&d=mm&r=g","url":"https:\/\/secure.gravatar.com\/avatar\/87be5f7f0519dece30edc90624668e740f9b4a8d7086cdefb2f24adbdb04885e?s=96&d=mm&r=g","contentUrl":"https:\/\/secure.gravatar.com\/avatar\/87be5f7f0519dece30edc90624668e740f9b4a8d7086cdefb2f24adbdb04885e?s=96&d=mm&r=g","caption":"Thomas Blachetzki"},"url":"https:\/\/www.wohnmobil-world.de\/index.php\/author\/thomas\/"}]}},"_links":{"self":[{"href":"https:\/\/www.wohnmobil-world.de\/index.php\/wp-json\/wp\/v2\/posts\/746","targetHints":{"allow":["GET"]}}],"collection":[{"href":"https:\/\/www.wohnmobil-world.de\/index.php\/wp-json\/wp\/v2\/posts"}],"about":[{"href":"https:\/\/www.wohnmobil-world.de\/index.php\/wp-json\/wp\/v2\/types\/post"}],"author":[{"embeddable":true,"href":"https:\/\/www.wohnmobil-world.de\/index.php\/wp-json\/wp\/v2\/users\/2"}],"replies":[{"embeddable":true,"href":"https:\/\/www.wohnmobil-world.de\/index.php\/wp-json\/wp\/v2\/comments?post=746"}],"version-history":[{"count":11,"href":"https:\/\/www.wohnmobil-world.de\/index.php\/wp-json\/wp\/v2\/posts\/746\/revisions"}],"predecessor-version":[{"id":906,"href":"https:\/\/www.wohnmobil-world.de\/index.php\/wp-json\/wp\/v2\/posts\/746\/revisions\/906"}],"wp:featuredmedia":[{"embeddable":true,"href":"https:\/\/www.wohnmobil-world.de\/index.php\/wp-json\/wp\/v2\/media\/866"}],"wp:attachment":[{"href":"https:\/\/www.wohnmobil-world.de\/index.php\/wp-json\/wp\/v2\/media?parent=746"}],"wp:term":[{"taxonomy":"category","embeddable":true,"href":"https:\/\/www.wohnmobil-world.de\/index.php\/wp-json\/wp\/v2\/categories?post=746"},{"taxonomy":"post_tag","embeddable":true,"href":"https:\/\/www.wohnmobil-world.de\/index.php\/wp-json\/wp\/v2\/tags?post=746"}],"curies":[{"name":"wp","href":"https:\/\/api.w.org\/{rel}","templated":true}]}}