{"id":727,"date":"2018-10-28T15:14:23","date_gmt":"2018-10-28T15:14:23","guid":{"rendered":"https:\/\/wohnmobil-world.de\/?p=727"},"modified":"2021-06-11T15:41:36","modified_gmt":"2021-06-11T15:41:36","slug":"buerstner-viseo-i-690-edition-30-als-waumobil-hundegerecht-reisen","status":"publish","type":"post","link":"https:\/\/www.wohnmobil-world.de\/index.php\/2018\/10\/28\/buerstner-viseo-i-690-edition-30-als-waumobil-hundegerecht-reisen\/","title":{"rendered":"B\u00fcrstner Viseo I 690 Edition 30 als &#8222;Waumobil&#8220; &#8211; hundegerecht Reisen"},"content":{"rendered":"<p>Reisen mit dem Wohnmobil ist in &#8211; schon lange! Und mit dem Hund &#8211; erst recht! Aber wie lassen sich unsere <strong>geliebten Vierbeiner<\/strong> sicher, zuverl\u00e4ssig und entspannt in einem Wohnmobil transportieren? Wir haben gesucht, einige Umr\u00fcster f\u00fcr Wohnmobile gefunden und uns einen rausgepickt. Das &#8222;Waumobil&#8220; von &#8222;Wauwiemobil&#8220; aus Niederkr\u00fcchten.<!--more--><\/p>\n<p>&nbsp;<\/p>\n<p><iframe loading=\"lazy\" src=\"https:\/\/www.youtube.com\/embed\/FtqCYHT4a00\" width=\"560\" height=\"315\" frameborder=\"0\" allowfullscreen=\"allowfullscreen\"><\/iframe><\/p>\n<p>Das Rezept vieler Umr\u00fcster ist ganz einfach. Sie bieten <strong>fertig umgebaute<\/strong> Wohnmobile an oder bauen angelieferte Wohnmobile hundegerecht um. Hinter unserem &#8222;Waumobil&#8220; steckt zun\u00e4chst einmal ein ganz normaler B\u00fcrstner Viseo I 600 G dahinter. Hier in der Edition 30 mit besonders viel Ausstattung. Das vollintegrierte Wohnmobil bietet einen gro\u00dfz\u00fcgigen Wohnraum und misst au\u00dfen 696 cm in der L\u00e4nge, 220 cm in der Breite und 285 cm in der H\u00f6he, weil die optionale Sat-Antenne oben noch ein wenig auftr\u00e4gt. Angetrieben wird der B\u00fcrstner, wie in der Klasse \u00fcblich, von einem Diesel mit 148 PS, den Fiat beisteuert, genauso nat\u00fcrlich, wie das Chassis. Der Motor bietet f\u00fcr das Wohnmobil eine vollkommen ausreichende Leistung, auch wenn die Laufkultur und die D\u00e4mmung von Fiats Multijet-Motor besser sein d\u00fcrfte. <strong>ESP, ABS, Hillholder und Traction Plus<\/strong> sind immer mit an Bord, genauso wie Airbags, Multifunktionslenkrad und Tempomat.<\/p>\n<p>&nbsp;<\/p>\n<p>&nbsp;<\/p>\n<p>Zwiegespalten ist unsere Meinung \u00fcber das <strong>automatisierte Schaltgetriebe<\/strong>. Auf der einen Seite gef\u00e4llt der Komfortgewinn nicht mehr Schalten zu m\u00fcssen, auf der anderen Seite nerven lange Schaltvorg\u00e4nge mit dem deutlich zu sp\u00fcrenden &#8222;Nicken&#8220; w\u00e4hrend des Schaltens. Auch hat man das Gef\u00fchl, dass die &#8222;Automatik&#8220; manchmal die G\u00e4nge sucht. Hier w\u00e4re vielleicht eine Automatik mit Wandler\u00fcberbr\u00fcckungskupplung die bessere Wahl.<\/p>\n<p>Innen gef\u00e4llt die durchg\u00e4ngig <strong>gro\u00dfe Stehh\u00f6he von fast 2 Metern<\/strong>, die gut nutzbaren Kleiderschr\u00e4nke, sowie das <strong>bequeme, gut zug\u00e4ngliche Heckbett<\/strong> mit gro\u00dfer Kopffreiheit. Die K\u00fcche h\u00e4lt leider wenig Abstellfl\u00e4che bereit und das Hubbett ist eher f\u00fcr Teenager gedacht, aber ansonsten bewegt sich der Viseo im klassen\u00fcblichen Rahmen.<\/p>\n<p><a href=\"https:\/\/www.wohnmobil-world.de\/wp-content\/uploads\/2018\/10\/P1520325_1200x675.jpg\"><img loading=\"lazy\" decoding=\"async\" class=\"alignnone size-large wp-image-716\" src=\"https:\/\/www.wohnmobil-world.de\/wp-content\/uploads\/2018\/10\/P1520325_1200x675-1024x576.jpg\" alt=\"\" width=\"1024\" height=\"576\" srcset=\"https:\/\/www.wohnmobil-world.de\/wp-content\/uploads\/2018\/10\/P1520325_1200x675-1024x576.jpg 1024w, https:\/\/www.wohnmobil-world.de\/wp-content\/uploads\/2018\/10\/P1520325_1200x675-300x169.jpg 300w, https:\/\/www.wohnmobil-world.de\/wp-content\/uploads\/2018\/10\/P1520325_1200x675-768x432.jpg 768w, https:\/\/www.wohnmobil-world.de\/wp-content\/uploads\/2018\/10\/P1520325_1200x675-1140x641.jpg 1140w, https:\/\/www.wohnmobil-world.de\/wp-content\/uploads\/2018\/10\/P1520325_1200x675.jpg 1200w\" sizes=\"auto, (max-width: 1024px) 100vw, 1024px\" \/><\/a> <a href=\"https:\/\/www.wohnmobil-world.de\/wp-content\/uploads\/2018\/10\/P1520322_1200x675.jpg\"><img loading=\"lazy\" decoding=\"async\" class=\"alignnone size-large wp-image-717\" src=\"https:\/\/www.wohnmobil-world.de\/wp-content\/uploads\/2018\/10\/P1520322_1200x675-1024x576.jpg\" alt=\"\" width=\"1024\" height=\"576\" srcset=\"https:\/\/www.wohnmobil-world.de\/wp-content\/uploads\/2018\/10\/P1520322_1200x675-1024x576.jpg 1024w, https:\/\/www.wohnmobil-world.de\/wp-content\/uploads\/2018\/10\/P1520322_1200x675-300x169.jpg 300w, https:\/\/www.wohnmobil-world.de\/wp-content\/uploads\/2018\/10\/P1520322_1200x675-768x432.jpg 768w, https:\/\/www.wohnmobil-world.de\/wp-content\/uploads\/2018\/10\/P1520322_1200x675-1140x641.jpg 1140w, https:\/\/www.wohnmobil-world.de\/wp-content\/uploads\/2018\/10\/P1520322_1200x675.jpg 1200w\" sizes=\"auto, (max-width: 1024px) 100vw, 1024px\" \/><\/a> <a href=\"https:\/\/www.wohnmobil-world.de\/wp-content\/uploads\/2018\/10\/P1520312_1200x675.jpg\"><img loading=\"lazy\" decoding=\"async\" class=\"alignnone size-large wp-image-724\" src=\"https:\/\/www.wohnmobil-world.de\/wp-content\/uploads\/2018\/10\/P1520312_1200x675-1024x576.jpg\" alt=\"\" width=\"1024\" height=\"576\" srcset=\"https:\/\/www.wohnmobil-world.de\/wp-content\/uploads\/2018\/10\/P1520312_1200x675-1024x576.jpg 1024w, https:\/\/www.wohnmobil-world.de\/wp-content\/uploads\/2018\/10\/P1520312_1200x675-300x169.jpg 300w, https:\/\/www.wohnmobil-world.de\/wp-content\/uploads\/2018\/10\/P1520312_1200x675-768x432.jpg 768w, https:\/\/www.wohnmobil-world.de\/wp-content\/uploads\/2018\/10\/P1520312_1200x675-1140x641.jpg 1140w, https:\/\/www.wohnmobil-world.de\/wp-content\/uploads\/2018\/10\/P1520312_1200x675.jpg 1200w\" sizes=\"auto, (max-width: 1024px) 100vw, 1024px\" \/><\/a><\/p>\n<p>Erst durch den Umbau wird aus dem Viseo dann aber auch ein<strong> hundegerechtes &#8222;Waumobil&#8220;<\/strong> und bringt sowohl Herrchen, als auch Hund einen deutlichen Komfortgewinn. Es sind die kleinen Dinge, die das Reisen mit Hund angenehmer machen. In diesem Fall wurde mit einem Trenngitter die Heckgarage in der Mitte abgeteilt und nach au\u00dfen durch ein klappbares Gitter erg\u00e4nzt, damit die Vierbeiner bei ge\u00f6ffneter Garagent\u00fcr\u00a0 rausschauen, aber nicht rausspringen k\u00f6nnen. Der &#8222;Clou&#8220; ist dann ein <strong>Durchgang von der Heckgarage in den Innenraum<\/strong>. Die Treppe zum Heckbett kann zusammengefaltet und eine Verbindungst\u00fcr zur Garage ge\u00f6ffnet werden, so dass die Hunde, nachdem sie z.B. im Heck getrocknet und geb\u00fcrstet wurden, direkt ins Fahrzeuginnere gelangen. So bleibt das <strong>Fahrzeuginnere immer sauber<\/strong>!<\/p>\n<p><a href=\"https:\/\/www.wohnmobil-world.de\/wp-content\/uploads\/2018\/10\/Sequenz-02.00_10_11_26.Standbild003.jpg\"><img loading=\"lazy\" decoding=\"async\" class=\"alignnone size-large wp-image-711\" src=\"https:\/\/www.wohnmobil-world.de\/wp-content\/uploads\/2018\/10\/Sequenz-02.00_10_11_26.Standbild003-1024x576.jpg\" alt=\"\" width=\"1024\" height=\"576\" srcset=\"https:\/\/www.wohnmobil-world.de\/wp-content\/uploads\/2018\/10\/Sequenz-02.00_10_11_26.Standbild003-1024x576.jpg 1024w, https:\/\/www.wohnmobil-world.de\/wp-content\/uploads\/2018\/10\/Sequenz-02.00_10_11_26.Standbild003-300x169.jpg 300w, https:\/\/www.wohnmobil-world.de\/wp-content\/uploads\/2018\/10\/Sequenz-02.00_10_11_26.Standbild003-768x432.jpg 768w, https:\/\/www.wohnmobil-world.de\/wp-content\/uploads\/2018\/10\/Sequenz-02.00_10_11_26.Standbild003-1140x641.jpg 1140w, https:\/\/www.wohnmobil-world.de\/wp-content\/uploads\/2018\/10\/Sequenz-02.00_10_11_26.Standbild003.jpg 1920w\" sizes=\"auto, (max-width: 1024px) 100vw, 1024px\" \/><\/a> <a href=\"https:\/\/www.wohnmobil-world.de\/wp-content\/uploads\/2018\/10\/Sequenz-02.00_07_43_44.Standbild001.jpg\"><img loading=\"lazy\" decoding=\"async\" class=\"alignnone size-large wp-image-713\" src=\"https:\/\/www.wohnmobil-world.de\/wp-content\/uploads\/2018\/10\/Sequenz-02.00_07_43_44.Standbild001-1024x576.jpg\" alt=\"\" width=\"1024\" height=\"576\" srcset=\"https:\/\/www.wohnmobil-world.de\/wp-content\/uploads\/2018\/10\/Sequenz-02.00_07_43_44.Standbild001-1024x576.jpg 1024w, https:\/\/www.wohnmobil-world.de\/wp-content\/uploads\/2018\/10\/Sequenz-02.00_07_43_44.Standbild001-300x169.jpg 300w, https:\/\/www.wohnmobil-world.de\/wp-content\/uploads\/2018\/10\/Sequenz-02.00_07_43_44.Standbild001-768x432.jpg 768w, https:\/\/www.wohnmobil-world.de\/wp-content\/uploads\/2018\/10\/Sequenz-02.00_07_43_44.Standbild001-1140x641.jpg 1140w, https:\/\/www.wohnmobil-world.de\/wp-content\/uploads\/2018\/10\/Sequenz-02.00_07_43_44.Standbild001.jpg 1920w\" sizes=\"auto, (max-width: 1024px) 100vw, 1024px\" \/><\/a> <a href=\"https:\/\/www.wohnmobil-world.de\/wp-content\/uploads\/2018\/10\/Sequenz-02.00_09_25_34.Standbild002.jpg\"><img loading=\"lazy\" decoding=\"async\" class=\"alignnone size-large wp-image-712\" src=\"https:\/\/www.wohnmobil-world.de\/wp-content\/uploads\/2018\/10\/Sequenz-02.00_09_25_34.Standbild002-1024x576.jpg\" alt=\"\" width=\"1024\" height=\"576\" srcset=\"https:\/\/www.wohnmobil-world.de\/wp-content\/uploads\/2018\/10\/Sequenz-02.00_09_25_34.Standbild002-1024x576.jpg 1024w, https:\/\/www.wohnmobil-world.de\/wp-content\/uploads\/2018\/10\/Sequenz-02.00_09_25_34.Standbild002-300x169.jpg 300w, https:\/\/www.wohnmobil-world.de\/wp-content\/uploads\/2018\/10\/Sequenz-02.00_09_25_34.Standbild002-768x432.jpg 768w, https:\/\/www.wohnmobil-world.de\/wp-content\/uploads\/2018\/10\/Sequenz-02.00_09_25_34.Standbild002-1140x641.jpg 1140w, https:\/\/www.wohnmobil-world.de\/wp-content\/uploads\/2018\/10\/Sequenz-02.00_09_25_34.Standbild002.jpg 1920w\" sizes=\"auto, (max-width: 1024px) 100vw, 1024px\" \/><\/a><\/p>\n<p>Auch im Inneren wurden mit <strong>speziellen Gurtverl\u00e4ngerungen<\/strong> f\u00fcr die Sicherheit von Mensch und Hund gesorgt und nachdem man den Esstisch demontiert hat, findet sich auch f\u00fcr lange Reisen der richtige Platz f\u00fcr den Hund. Direkt dahinter, wo Frauchen und Herrchen w\u00e4hrend der Fahrt sitzen und damit auch in &#8222;Kuschelreichweite&#8220; w\u00e4hrend der Fahrt. Bei allen &#8222;Waumobilen&#8220; geh\u00f6ren eine ganze Reihe pfiffiger Extras dazu, wie z.B. der <strong>&#8222;Wau-Butler&#8220;<\/strong>, eine Platte, die man unter die Reifen klemmen kann und die dann als sichere Befestigungsstelle f\u00fcr die (Langlauf-)Leine dient, oder ein <strong>spezielles Hundegeschirr<\/strong> f\u00fcr den sicheren Transport. Immer dabei sind auch die <strong>Hundedusche au\u00dfen,<\/strong> Hundefutter, Wasser- und Fressn\u00e4pfe oder ein Erste-Hilfe-P\u00e4ckchen mit Zeckenzange etc.<\/p>\n<p><a href=\"https:\/\/www.wohnmobil-world.de\/wp-content\/uploads\/2018\/10\/Sequenz-02.00_11_27_11.Standbild004.jpg\"><img loading=\"lazy\" decoding=\"async\" class=\"alignnone size-large wp-image-710\" src=\"https:\/\/www.wohnmobil-world.de\/wp-content\/uploads\/2018\/10\/Sequenz-02.00_11_27_11.Standbild004-1024x576.jpg\" alt=\"\" width=\"1024\" height=\"576\" srcset=\"https:\/\/www.wohnmobil-world.de\/wp-content\/uploads\/2018\/10\/Sequenz-02.00_11_27_11.Standbild004-1024x576.jpg 1024w, https:\/\/www.wohnmobil-world.de\/wp-content\/uploads\/2018\/10\/Sequenz-02.00_11_27_11.Standbild004-300x169.jpg 300w, https:\/\/www.wohnmobil-world.de\/wp-content\/uploads\/2018\/10\/Sequenz-02.00_11_27_11.Standbild004-768x432.jpg 768w, https:\/\/www.wohnmobil-world.de\/wp-content\/uploads\/2018\/10\/Sequenz-02.00_11_27_11.Standbild004-1140x641.jpg 1140w, https:\/\/www.wohnmobil-world.de\/wp-content\/uploads\/2018\/10\/Sequenz-02.00_11_27_11.Standbild004.jpg 1920w\" sizes=\"auto, (max-width: 1024px) 100vw, 1024px\" \/><\/a><\/p>\n<div><\/div>\n<div>Wir finden eine clevere Sache, die das Reisen mit unseren geliebten Vierbeinern deutlich sicherer und entspannter macht. Und zwar f\u00fcr Mensch <strong>und<\/strong> Hund!<\/div>\n<div><\/div>\n<div>Anbieter f\u00fcr Umbauten u.a.:<\/div>\n<ul>\n<li><a href=\"https:\/\/waumobil.de\/wauwiemobil-spezial-umbau-fuer-hundegerechte-wohnmobile\/\">Wauwiemobil<\/a><\/li>\n<li><a href=\"http:\/\/www.4pfoten-mobile.de\/\">4-Pfoten-Mobile<\/a><\/li>\n<li><a href=\"https:\/\/www.pfotencamper.de\/\">Pfotencamper<\/a><\/li>\n<\/ul>\n<div><\/div>\n<div><a href=\"https:\/\/www.wohnmobil-world.de\/wp-content\/uploads\/2018\/10\/P1520296_1200x675.jpg\"><img loading=\"lazy\" decoding=\"async\" class=\"alignnone size-large wp-image-726\" src=\"https:\/\/www.wohnmobil-world.de\/wp-content\/uploads\/2018\/10\/P1520296_1200x675-1024x576.jpg\" alt=\"\" width=\"1024\" height=\"576\" \/><\/a> <a href=\"https:\/\/www.wohnmobil-world.de\/wp-content\/uploads\/2018\/10\/P1520303_1200x675.jpg\"><img loading=\"lazy\" decoding=\"async\" class=\"alignnone size-large wp-image-723\" src=\"https:\/\/www.wohnmobil-world.de\/wp-content\/uploads\/2018\/10\/P1520303_1200x675-1024x576.jpg\" alt=\"\" width=\"1024\" height=\"576\" srcset=\"https:\/\/www.wohnmobil-world.de\/wp-content\/uploads\/2018\/10\/P1520303_1200x675-1024x576.jpg 1024w, https:\/\/www.wohnmobil-world.de\/wp-content\/uploads\/2018\/10\/P1520303_1200x675-300x169.jpg 300w, https:\/\/www.wohnmobil-world.de\/wp-content\/uploads\/2018\/10\/P1520303_1200x675-768x432.jpg 768w, https:\/\/www.wohnmobil-world.de\/wp-content\/uploads\/2018\/10\/P1520303_1200x675-1140x641.jpg 1140w, https:\/\/www.wohnmobil-world.de\/wp-content\/uploads\/2018\/10\/P1520303_1200x675.jpg 1200w\" sizes=\"auto, (max-width: 1024px) 100vw, 1024px\" \/><\/a> <a href=\"https:\/\/www.wohnmobil-world.de\/wp-content\/uploads\/2018\/10\/P1520302_1200x675.jpg\"><img loading=\"lazy\" decoding=\"async\" class=\"alignnone size-large wp-image-722\" src=\"https:\/\/www.wohnmobil-world.de\/wp-content\/uploads\/2018\/10\/P1520302_1200x675-1024x576.jpg\" alt=\"\" width=\"1024\" height=\"576\" srcset=\"https:\/\/www.wohnmobil-world.de\/wp-content\/uploads\/2018\/10\/P1520302_1200x675-1024x576.jpg 1024w, https:\/\/www.wohnmobil-world.de\/wp-content\/uploads\/2018\/10\/P1520302_1200x675-300x169.jpg 300w, https:\/\/www.wohnmobil-world.de\/wp-content\/uploads\/2018\/10\/P1520302_1200x675-768x432.jpg 768w, https:\/\/www.wohnmobil-world.de\/wp-content\/uploads\/2018\/10\/P1520302_1200x675-1140x641.jpg 1140w, https:\/\/www.wohnmobil-world.de\/wp-content\/uploads\/2018\/10\/P1520302_1200x675.jpg 1200w\" sizes=\"auto, (max-width: 1024px) 100vw, 1024px\" \/><\/a> <a href=\"https:\/\/www.wohnmobil-world.de\/wp-content\/uploads\/2018\/10\/P1520317_1200x675-e1540737827899.jpg\"><img loading=\"lazy\" decoding=\"async\" class=\"alignnone size-large wp-image-721\" src=\"https:\/\/www.wohnmobil-world.de\/wp-content\/uploads\/2018\/10\/P1520317_1200x675-e1540737827899-576x1024.jpg\" alt=\"\" width=\"576\" height=\"1024\" srcset=\"https:\/\/www.wohnmobil-world.de\/wp-content\/uploads\/2018\/10\/P1520317_1200x675-e1540737827899-576x1024.jpg 576w, https:\/\/www.wohnmobil-world.de\/wp-content\/uploads\/2018\/10\/P1520317_1200x675-e1540737827899-169x300.jpg 169w, https:\/\/www.wohnmobil-world.de\/wp-content\/uploads\/2018\/10\/P1520317_1200x675-e1540737827899.jpg 675w\" sizes=\"auto, (max-width: 576px) 100vw, 576px\" \/><\/a> <a href=\"https:\/\/www.wohnmobil-world.de\/wp-content\/uploads\/2018\/10\/P1520316_1200x675-e1540737838426.jpg\"><img loading=\"lazy\" decoding=\"async\" class=\"alignnone size-large wp-image-720\" src=\"https:\/\/www.wohnmobil-world.de\/wp-content\/uploads\/2018\/10\/P1520316_1200x675-e1540737838426-576x1024.jpg\" alt=\"\" width=\"576\" height=\"1024\" srcset=\"https:\/\/www.wohnmobil-world.de\/wp-content\/uploads\/2018\/10\/P1520316_1200x675-e1540737838426-576x1024.jpg 576w, https:\/\/www.wohnmobil-world.de\/wp-content\/uploads\/2018\/10\/P1520316_1200x675-e1540737838426-169x300.jpg 169w, https:\/\/www.wohnmobil-world.de\/wp-content\/uploads\/2018\/10\/P1520316_1200x675-e1540737838426.jpg 675w\" sizes=\"auto, (max-width: 576px) 100vw, 576px\" \/><\/a> <a href=\"https:\/\/www.wohnmobil-world.de\/wp-content\/uploads\/2018\/10\/P1520339_1200x675.jpg\"><img loading=\"lazy\" decoding=\"async\" class=\"alignnone size-large wp-image-715\" src=\"https:\/\/www.wohnmobil-world.de\/wp-content\/uploads\/2018\/10\/P1520339_1200x675-1024x576.jpg\" alt=\"\" width=\"1024\" height=\"576\" srcset=\"https:\/\/www.wohnmobil-world.de\/wp-content\/uploads\/2018\/10\/P1520339_1200x675-1024x576.jpg 1024w, https:\/\/www.wohnmobil-world.de\/wp-content\/uploads\/2018\/10\/P1520339_1200x675-300x169.jpg 300w, https:\/\/www.wohnmobil-world.de\/wp-content\/uploads\/2018\/10\/P1520339_1200x675-768x432.jpg 768w, https:\/\/www.wohnmobil-world.de\/wp-content\/uploads\/2018\/10\/P1520339_1200x675-1140x641.jpg 1140w, https:\/\/www.wohnmobil-world.de\/wp-content\/uploads\/2018\/10\/P1520339_1200x675.jpg 1200w\" sizes=\"auto, (max-width: 1024px) 100vw, 1024px\" \/><\/a> <a href=\"https:\/\/www.wohnmobil-world.de\/wp-content\/uploads\/2018\/10\/P1520338_1200x675.jpg\"><img loading=\"lazy\" decoding=\"async\" class=\"alignnone size-large wp-image-714\" src=\"https:\/\/www.wohnmobil-world.de\/wp-content\/uploads\/2018\/10\/P1520338_1200x675-1024x576.jpg\" alt=\"\" width=\"1024\" height=\"576\" srcset=\"https:\/\/www.wohnmobil-world.de\/wp-content\/uploads\/2018\/10\/P1520338_1200x675-1024x576.jpg 1024w, https:\/\/www.wohnmobil-world.de\/wp-content\/uploads\/2018\/10\/P1520338_1200x675-300x169.jpg 300w, https:\/\/www.wohnmobil-world.de\/wp-content\/uploads\/2018\/10\/P1520338_1200x675-768x432.jpg 768w, https:\/\/www.wohnmobil-world.de\/wp-content\/uploads\/2018\/10\/P1520338_1200x675-1140x641.jpg 1140w, https:\/\/www.wohnmobil-world.de\/wp-content\/uploads\/2018\/10\/P1520338_1200x675.jpg 1200w\" sizes=\"auto, (max-width: 1024px) 100vw, 1024px\" \/><\/a> <a href=\"https:\/\/www.wohnmobil-world.de\/wp-content\/uploads\/2018\/10\/Sequenz-02.00_03_31_01.Standbild006.jpg\"><img loading=\"lazy\" decoding=\"async\" class=\"alignnone size-large wp-image-708\" src=\"https:\/\/www.wohnmobil-world.de\/wp-content\/uploads\/2018\/10\/Sequenz-02.00_03_31_01.Standbild006-1024x576.jpg\" alt=\"\" width=\"1024\" height=\"576\" srcset=\"https:\/\/www.wohnmobil-world.de\/wp-content\/uploads\/2018\/10\/Sequenz-02.00_03_31_01.Standbild006-1024x576.jpg 1024w, https:\/\/www.wohnmobil-world.de\/wp-content\/uploads\/2018\/10\/Sequenz-02.00_03_31_01.Standbild006-300x169.jpg 300w, https:\/\/www.wohnmobil-world.de\/wp-content\/uploads\/2018\/10\/Sequenz-02.00_03_31_01.Standbild006-768x432.jpg 768w, https:\/\/www.wohnmobil-world.de\/wp-content\/uploads\/2018\/10\/Sequenz-02.00_03_31_01.Standbild006-1140x641.jpg 1140w, https:\/\/www.wohnmobil-world.de\/wp-content\/uploads\/2018\/10\/Sequenz-02.00_03_31_01.Standbild006.jpg 1920w\" sizes=\"auto, (max-width: 1024px) 100vw, 1024px\" \/><\/a><\/div>\n","protected":false},"excerpt":{"rendered":"<p>Reisen mit dem Wohnmobil ist in &#8211; schon lange! Und mit dem Hund &#8211; erst recht! Aber wie lassen sich unsere geliebten Vierbeiner sicher, zuverl\u00e4ssig und entspannt in einem Wohnmobil transportieren? Wir haben gesucht, einige Umr\u00fcster f\u00fcr Wohnmobile gefunden und uns einen rausgepickt. Das &#8222;Waumobil&#8220; von &#8222;Wauwiemobil&#8220; aus Niederkr\u00fcchten.<\/p>\n","protected":false},"author":2,"featured_media":701,"comment_status":"open","ping_status":"closed","sticky":false,"template":"","format":"standard","meta":{"_crdt_document":"","_exactmetrics_skip_tracking":false,"_exactmetrics_sitenote_active":false,"_exactmetrics_sitenote_note":"","_exactmetrics_sitenote_category":0,"footnotes":""},"categories":[19,28,6,32],"tags":[68,34,55,66,35,67,23,37],"class_list":["post-727","post","type-post","status-publish","format-standard","has-post-thumbnail","hentry","category-buerstner","category-fahrbericht","category-integriert","category-zubehoer","tag-buerstner","tag-camper","tag-campervanlife","tag-hund","tag-integriert","tag-reisen","tag-wohnmobil","tag-wohnmobil-world-de"],"yoast_head":"<!-- This site is optimized with the Yoast SEO plugin v27.5 - https:\/\/yoast.com\/product\/yoast-seo-wordpress\/ -->\n<title>B\u00fcrstner Viseo I 690 Edition 30 als &quot;Waumobil&quot; - hundegerecht Reisen - Wohnmobil-world.de<\/title>\n<meta name=\"description\" content=\"Reist mit uns in die gro\u00dfe Welt der beliebtesten Reisemobile in Deutschland, Europa und der Welt. Wir liefern Fahrberichte, Tests und Fakten! Unser Blog: wohnmobil-world.de Facebook: https:\/\/www.facebook.com\/wohnmobilworld Instagram: https:\/\/www.instagram.com\/wohnmobilworld.de\/ Twitter: @wohnmobilD\" \/>\n<meta name=\"robots\" content=\"index, follow, max-snippet:-1, max-image-preview:large, max-video-preview:-1\" \/>\n<link rel=\"canonical\" href=\"https:\/\/www.wohnmobil-world.de\/index.php\/2018\/10\/28\/buerstner-viseo-i-690-edition-30-als-waumobil-hundegerecht-reisen\/\" \/>\n<meta property=\"og:locale\" content=\"de_DE\" \/>\n<meta property=\"og:type\" content=\"article\" \/>\n<meta property=\"og:title\" content=\"B\u00fcrstner Viseo I 690 Edition 30 als &quot;Waumobil&quot; - hundegerecht Reisen - Wohnmobil-world.de\" \/>\n<meta property=\"og:description\" content=\"Reist mit uns in die gro\u00dfe Welt der beliebtesten Reisemobile in Deutschland, Europa und der Welt. Wir liefern Fahrberichte, Tests und Fakten! Unser Blog: wohnmobil-world.de Facebook: https:\/\/www.facebook.com\/wohnmobilworld Instagram: https:\/\/www.instagram.com\/wohnmobilworld.de\/ Twitter: @wohnmobilD\" \/>\n<meta property=\"og:url\" content=\"https:\/\/www.wohnmobil-world.de\/index.php\/2018\/10\/28\/buerstner-viseo-i-690-edition-30-als-waumobil-hundegerecht-reisen\/\" \/>\n<meta property=\"og:site_name\" content=\"Wohnmobil-world.de\" \/>\n<meta property=\"article:publisher\" content=\"https:\/\/www.facebook.com\/wohnmobilworld\/\" \/>\n<meta property=\"article:published_time\" content=\"2018-10-28T15:14:23+00:00\" \/>\n<meta property=\"article:modified_time\" content=\"2021-06-11T15:41:36+00:00\" \/>\n<meta property=\"og:image\" content=\"https:\/\/www.wohnmobil-world.de\/wp-content\/uploads\/2018\/10\/IMG_1327_1200x900.jpg\" \/>\n\t<meta property=\"og:image:width\" content=\"1200\" \/>\n\t<meta property=\"og:image:height\" content=\"900\" \/>\n\t<meta property=\"og:image:type\" content=\"image\/jpeg\" \/>\n<meta name=\"author\" content=\"Thomas Blachetzki\" \/>\n<meta name=\"twitter:card\" content=\"summary_large_image\" \/>\n<meta name=\"twitter:creator\" content=\"@WohnmobilD\" \/>\n<meta name=\"twitter:site\" content=\"@WohnmobilD\" \/>\n<meta name=\"twitter:label1\" content=\"Verfasst von\" \/>\n\t<meta name=\"twitter:data1\" content=\"Thomas Blachetzki\" \/>\n\t<meta name=\"twitter:label2\" content=\"Gesch\u00e4tzte Lesezeit\" \/>\n\t<meta name=\"twitter:data2\" content=\"6\u00a0Minuten\" \/>\n<script type=\"application\/ld+json\" class=\"yoast-schema-graph\">{\"@context\":\"https:\\\/\\\/schema.org\",\"@graph\":[{\"@type\":\"Article\",\"@id\":\"https:\\\/\\\/www.wohnmobil-world.de\\\/index.php\\\/2018\\\/10\\\/28\\\/buerstner-viseo-i-690-edition-30-als-waumobil-hundegerecht-reisen\\\/#article\",\"isPartOf\":{\"@id\":\"https:\\\/\\\/www.wohnmobil-world.de\\\/index.php\\\/2018\\\/10\\\/28\\\/buerstner-viseo-i-690-edition-30-als-waumobil-hundegerecht-reisen\\\/\"},\"author\":{\"name\":\"Thomas Blachetzki\",\"@id\":\"https:\\\/\\\/www.wohnmobil-world.de\\\/#\\\/schema\\\/person\\\/4fdb7cae886aa04e07cc7e671de66422\"},\"headline\":\"B\u00fcrstner Viseo I 690 Edition 30 als &#8222;Waumobil&#8220; &#8211; hundegerecht Reisen\",\"datePublished\":\"2018-10-28T15:14:23+00:00\",\"dateModified\":\"2021-06-11T15:41:36+00:00\",\"mainEntityOfPage\":{\"@id\":\"https:\\\/\\\/www.wohnmobil-world.de\\\/index.php\\\/2018\\\/10\\\/28\\\/buerstner-viseo-i-690-edition-30-als-waumobil-hundegerecht-reisen\\\/\"},\"wordCount\":623,\"commentCount\":0,\"publisher\":{\"@id\":\"https:\\\/\\\/www.wohnmobil-world.de\\\/#organization\"},\"image\":{\"@id\":\"https:\\\/\\\/www.wohnmobil-world.de\\\/index.php\\\/2018\\\/10\\\/28\\\/buerstner-viseo-i-690-edition-30-als-waumobil-hundegerecht-reisen\\\/#primaryimage\"},\"thumbnailUrl\":\"https:\\\/\\\/www.wohnmobil-world.de\\\/wp-content\\\/uploads\\\/2018\\\/10\\\/IMG_1327_1200x900.jpg\",\"keywords\":[\"B\u00fcrstner\",\"Camper\",\"Campervanlife\",\"Hund\",\"Integriert\",\"reisen\",\"Wohnmobil\",\"wohnmobil-world.de\"],\"articleSection\":[\"B\u00fcrstner\",\"Fahrbericht\",\"Integriert\",\"Zubeh\u00f6r\"],\"inLanguage\":\"de\"},{\"@type\":\"WebPage\",\"@id\":\"https:\\\/\\\/www.wohnmobil-world.de\\\/index.php\\\/2018\\\/10\\\/28\\\/buerstner-viseo-i-690-edition-30-als-waumobil-hundegerecht-reisen\\\/\",\"url\":\"https:\\\/\\\/www.wohnmobil-world.de\\\/index.php\\\/2018\\\/10\\\/28\\\/buerstner-viseo-i-690-edition-30-als-waumobil-hundegerecht-reisen\\\/\",\"name\":\"B\u00fcrstner Viseo I 690 Edition 30 als \\\"Waumobil\\\" - hundegerecht Reisen - Wohnmobil-world.de\",\"isPartOf\":{\"@id\":\"https:\\\/\\\/www.wohnmobil-world.de\\\/#website\"},\"primaryImageOfPage\":{\"@id\":\"https:\\\/\\\/www.wohnmobil-world.de\\\/index.php\\\/2018\\\/10\\\/28\\\/buerstner-viseo-i-690-edition-30-als-waumobil-hundegerecht-reisen\\\/#primaryimage\"},\"image\":{\"@id\":\"https:\\\/\\\/www.wohnmobil-world.de\\\/index.php\\\/2018\\\/10\\\/28\\\/buerstner-viseo-i-690-edition-30-als-waumobil-hundegerecht-reisen\\\/#primaryimage\"},\"thumbnailUrl\":\"https:\\\/\\\/www.wohnmobil-world.de\\\/wp-content\\\/uploads\\\/2018\\\/10\\\/IMG_1327_1200x900.jpg\",\"datePublished\":\"2018-10-28T15:14:23+00:00\",\"dateModified\":\"2021-06-11T15:41:36+00:00\",\"description\":\"Reist mit uns in die gro\u00dfe Welt der beliebtesten Reisemobile in Deutschland, Europa und der Welt. Wir liefern Fahrberichte, Tests und Fakten! Unser Blog: wohnmobil-world.de Facebook: https:\\\/\\\/www.facebook.com\\\/wohnmobilworld Instagram: https:\\\/\\\/www.instagram.com\\\/wohnmobilworld.de\\\/ Twitter: @wohnmobilD\",\"breadcrumb\":{\"@id\":\"https:\\\/\\\/www.wohnmobil-world.de\\\/index.php\\\/2018\\\/10\\\/28\\\/buerstner-viseo-i-690-edition-30-als-waumobil-hundegerecht-reisen\\\/#breadcrumb\"},\"inLanguage\":\"de\",\"potentialAction\":[{\"@type\":\"ReadAction\",\"target\":[\"https:\\\/\\\/www.wohnmobil-world.de\\\/index.php\\\/2018\\\/10\\\/28\\\/buerstner-viseo-i-690-edition-30-als-waumobil-hundegerecht-reisen\\\/\"]}]},{\"@type\":\"ImageObject\",\"inLanguage\":\"de\",\"@id\":\"https:\\\/\\\/www.wohnmobil-world.de\\\/index.php\\\/2018\\\/10\\\/28\\\/buerstner-viseo-i-690-edition-30-als-waumobil-hundegerecht-reisen\\\/#primaryimage\",\"url\":\"https:\\\/\\\/www.wohnmobil-world.de\\\/wp-content\\\/uploads\\\/2018\\\/10\\\/IMG_1327_1200x900.jpg\",\"contentUrl\":\"https:\\\/\\\/www.wohnmobil-world.de\\\/wp-content\\\/uploads\\\/2018\\\/10\\\/IMG_1327_1200x900.jpg\",\"width\":1200,\"height\":900},{\"@type\":\"BreadcrumbList\",\"@id\":\"https:\\\/\\\/www.wohnmobil-world.de\\\/index.php\\\/2018\\\/10\\\/28\\\/buerstner-viseo-i-690-edition-30-als-waumobil-hundegerecht-reisen\\\/#breadcrumb\",\"itemListElement\":[{\"@type\":\"ListItem\",\"position\":1,\"name\":\"Startseite\",\"item\":\"https:\\\/\\\/www.wohnmobil-world.de\\\/\"},{\"@type\":\"ListItem\",\"position\":2,\"name\":\"B\u00fcrstner Viseo I 690 Edition 30 als &#8222;Waumobil&#8220; &#8211; hundegerecht Reisen\"}]},{\"@type\":\"WebSite\",\"@id\":\"https:\\\/\\\/www.wohnmobil-world.de\\\/#website\",\"url\":\"https:\\\/\\\/www.wohnmobil-world.de\\\/\",\"name\":\"Wohnmobil-world.de\",\"description\":\"Alles \u00fcber Wohnmobile und mehr...\",\"publisher\":{\"@id\":\"https:\\\/\\\/www.wohnmobil-world.de\\\/#organization\"},\"potentialAction\":[{\"@type\":\"SearchAction\",\"target\":{\"@type\":\"EntryPoint\",\"urlTemplate\":\"https:\\\/\\\/www.wohnmobil-world.de\\\/?s={search_term_string}\"},\"query-input\":{\"@type\":\"PropertyValueSpecification\",\"valueRequired\":true,\"valueName\":\"search_term_string\"}}],\"inLanguage\":\"de\"},{\"@type\":\"Organization\",\"@id\":\"https:\\\/\\\/www.wohnmobil-world.de\\\/#organization\",\"name\":\"wohnmobil-world.de\",\"url\":\"https:\\\/\\\/www.wohnmobil-world.de\\\/\",\"logo\":{\"@type\":\"ImageObject\",\"inLanguage\":\"de\",\"@id\":\"https:\\\/\\\/www.wohnmobil-world.de\\\/#\\\/schema\\\/logo\\\/image\\\/\",\"url\":\"https:\\\/\\\/www.wohnmobil-world.de\\\/wp-content\\\/uploads\\\/2018\\\/06\\\/Web_Logo_rund_klein.png\",\"contentUrl\":\"https:\\\/\\\/www.wohnmobil-world.de\\\/wp-content\\\/uploads\\\/2018\\\/06\\\/Web_Logo_rund_klein.png\",\"width\":200,\"height\":150,\"caption\":\"wohnmobil-world.de\"},\"image\":{\"@id\":\"https:\\\/\\\/www.wohnmobil-world.de\\\/#\\\/schema\\\/logo\\\/image\\\/\"},\"sameAs\":[\"https:\\\/\\\/www.facebook.com\\\/wohnmobilworld\\\/\",\"https:\\\/\\\/x.com\\\/WohnmobilD\",\"https:\\\/\\\/www.instagram.com\\\/wohnmobilworld.de\\\/\",\"https:\\\/\\\/www.youtube.com\\\/c\\\/wohnmobilworld\"]},{\"@type\":\"Person\",\"@id\":\"https:\\\/\\\/www.wohnmobil-world.de\\\/#\\\/schema\\\/person\\\/4fdb7cae886aa04e07cc7e671de66422\",\"name\":\"Thomas Blachetzki\",\"image\":{\"@type\":\"ImageObject\",\"inLanguage\":\"de\",\"@id\":\"https:\\\/\\\/secure.gravatar.com\\\/avatar\\\/87be5f7f0519dece30edc90624668e740f9b4a8d7086cdefb2f24adbdb04885e?s=96&d=mm&r=g\",\"url\":\"https:\\\/\\\/secure.gravatar.com\\\/avatar\\\/87be5f7f0519dece30edc90624668e740f9b4a8d7086cdefb2f24adbdb04885e?s=96&d=mm&r=g\",\"contentUrl\":\"https:\\\/\\\/secure.gravatar.com\\\/avatar\\\/87be5f7f0519dece30edc90624668e740f9b4a8d7086cdefb2f24adbdb04885e?s=96&d=mm&r=g\",\"caption\":\"Thomas Blachetzki\"},\"url\":\"https:\\\/\\\/www.wohnmobil-world.de\\\/index.php\\\/author\\\/thomas\\\/\"}]}<\/script>\n<!-- \/ Yoast SEO plugin. -->","yoast_head_json":{"title":"B\u00fcrstner Viseo I 690 Edition 30 als \"Waumobil\" - hundegerecht Reisen - Wohnmobil-world.de","description":"Reist mit uns in die gro\u00dfe Welt der beliebtesten Reisemobile in Deutschland, Europa und der Welt. Wir liefern Fahrberichte, Tests und Fakten! Unser Blog: wohnmobil-world.de Facebook: https:\/\/www.facebook.com\/wohnmobilworld Instagram: https:\/\/www.instagram.com\/wohnmobilworld.de\/ Twitter: @wohnmobilD","robots":{"index":"index","follow":"follow","max-snippet":"max-snippet:-1","max-image-preview":"max-image-preview:large","max-video-preview":"max-video-preview:-1"},"canonical":"https:\/\/www.wohnmobil-world.de\/index.php\/2018\/10\/28\/buerstner-viseo-i-690-edition-30-als-waumobil-hundegerecht-reisen\/","og_locale":"de_DE","og_type":"article","og_title":"B\u00fcrstner Viseo I 690 Edition 30 als \"Waumobil\" - hundegerecht Reisen - Wohnmobil-world.de","og_description":"Reist mit uns in die gro\u00dfe Welt der beliebtesten Reisemobile in Deutschland, Europa und der Welt. Wir liefern Fahrberichte, Tests und Fakten! Unser Blog: wohnmobil-world.de Facebook: https:\/\/www.facebook.com\/wohnmobilworld Instagram: https:\/\/www.instagram.com\/wohnmobilworld.de\/ Twitter: @wohnmobilD","og_url":"https:\/\/www.wohnmobil-world.de\/index.php\/2018\/10\/28\/buerstner-viseo-i-690-edition-30-als-waumobil-hundegerecht-reisen\/","og_site_name":"Wohnmobil-world.de","article_publisher":"https:\/\/www.facebook.com\/wohnmobilworld\/","article_published_time":"2018-10-28T15:14:23+00:00","article_modified_time":"2021-06-11T15:41:36+00:00","og_image":[{"width":1200,"height":900,"url":"https:\/\/www.wohnmobil-world.de\/wp-content\/uploads\/2018\/10\/IMG_1327_1200x900.jpg","type":"image\/jpeg"}],"author":"Thomas Blachetzki","twitter_card":"summary_large_image","twitter_creator":"@WohnmobilD","twitter_site":"@WohnmobilD","twitter_misc":{"Verfasst von":"Thomas Blachetzki","Gesch\u00e4tzte Lesezeit":"6\u00a0Minuten"},"schema":{"@context":"https:\/\/schema.org","@graph":[{"@type":"Article","@id":"https:\/\/www.wohnmobil-world.de\/index.php\/2018\/10\/28\/buerstner-viseo-i-690-edition-30-als-waumobil-hundegerecht-reisen\/#article","isPartOf":{"@id":"https:\/\/www.wohnmobil-world.de\/index.php\/2018\/10\/28\/buerstner-viseo-i-690-edition-30-als-waumobil-hundegerecht-reisen\/"},"author":{"name":"Thomas Blachetzki","@id":"https:\/\/www.wohnmobil-world.de\/#\/schema\/person\/4fdb7cae886aa04e07cc7e671de66422"},"headline":"B\u00fcrstner Viseo I 690 Edition 30 als &#8222;Waumobil&#8220; &#8211; hundegerecht Reisen","datePublished":"2018-10-28T15:14:23+00:00","dateModified":"2021-06-11T15:41:36+00:00","mainEntityOfPage":{"@id":"https:\/\/www.wohnmobil-world.de\/index.php\/2018\/10\/28\/buerstner-viseo-i-690-edition-30-als-waumobil-hundegerecht-reisen\/"},"wordCount":623,"commentCount":0,"publisher":{"@id":"https:\/\/www.wohnmobil-world.de\/#organization"},"image":{"@id":"https:\/\/www.wohnmobil-world.de\/index.php\/2018\/10\/28\/buerstner-viseo-i-690-edition-30-als-waumobil-hundegerecht-reisen\/#primaryimage"},"thumbnailUrl":"https:\/\/www.wohnmobil-world.de\/wp-content\/uploads\/2018\/10\/IMG_1327_1200x900.jpg","keywords":["B\u00fcrstner","Camper","Campervanlife","Hund","Integriert","reisen","Wohnmobil","wohnmobil-world.de"],"articleSection":["B\u00fcrstner","Fahrbericht","Integriert","Zubeh\u00f6r"],"inLanguage":"de"},{"@type":"WebPage","@id":"https:\/\/www.wohnmobil-world.de\/index.php\/2018\/10\/28\/buerstner-viseo-i-690-edition-30-als-waumobil-hundegerecht-reisen\/","url":"https:\/\/www.wohnmobil-world.de\/index.php\/2018\/10\/28\/buerstner-viseo-i-690-edition-30-als-waumobil-hundegerecht-reisen\/","name":"B\u00fcrstner Viseo I 690 Edition 30 als \"Waumobil\" - hundegerecht Reisen - Wohnmobil-world.de","isPartOf":{"@id":"https:\/\/www.wohnmobil-world.de\/#website"},"primaryImageOfPage":{"@id":"https:\/\/www.wohnmobil-world.de\/index.php\/2018\/10\/28\/buerstner-viseo-i-690-edition-30-als-waumobil-hundegerecht-reisen\/#primaryimage"},"image":{"@id":"https:\/\/www.wohnmobil-world.de\/index.php\/2018\/10\/28\/buerstner-viseo-i-690-edition-30-als-waumobil-hundegerecht-reisen\/#primaryimage"},"thumbnailUrl":"https:\/\/www.wohnmobil-world.de\/wp-content\/uploads\/2018\/10\/IMG_1327_1200x900.jpg","datePublished":"2018-10-28T15:14:23+00:00","dateModified":"2021-06-11T15:41:36+00:00","description":"Reist mit uns in die gro\u00dfe Welt der beliebtesten Reisemobile in Deutschland, Europa und der Welt. Wir liefern Fahrberichte, Tests und Fakten! Unser Blog: wohnmobil-world.de Facebook: https:\/\/www.facebook.com\/wohnmobilworld Instagram: https:\/\/www.instagram.com\/wohnmobilworld.de\/ Twitter: @wohnmobilD","breadcrumb":{"@id":"https:\/\/www.wohnmobil-world.de\/index.php\/2018\/10\/28\/buerstner-viseo-i-690-edition-30-als-waumobil-hundegerecht-reisen\/#breadcrumb"},"inLanguage":"de","potentialAction":[{"@type":"ReadAction","target":["https:\/\/www.wohnmobil-world.de\/index.php\/2018\/10\/28\/buerstner-viseo-i-690-edition-30-als-waumobil-hundegerecht-reisen\/"]}]},{"@type":"ImageObject","inLanguage":"de","@id":"https:\/\/www.wohnmobil-world.de\/index.php\/2018\/10\/28\/buerstner-viseo-i-690-edition-30-als-waumobil-hundegerecht-reisen\/#primaryimage","url":"https:\/\/www.wohnmobil-world.de\/wp-content\/uploads\/2018\/10\/IMG_1327_1200x900.jpg","contentUrl":"https:\/\/www.wohnmobil-world.de\/wp-content\/uploads\/2018\/10\/IMG_1327_1200x900.jpg","width":1200,"height":900},{"@type":"BreadcrumbList","@id":"https:\/\/www.wohnmobil-world.de\/index.php\/2018\/10\/28\/buerstner-viseo-i-690-edition-30-als-waumobil-hundegerecht-reisen\/#breadcrumb","itemListElement":[{"@type":"ListItem","position":1,"name":"Startseite","item":"https:\/\/www.wohnmobil-world.de\/"},{"@type":"ListItem","position":2,"name":"B\u00fcrstner Viseo I 690 Edition 30 als &#8222;Waumobil&#8220; &#8211; hundegerecht Reisen"}]},{"@type":"WebSite","@id":"https:\/\/www.wohnmobil-world.de\/#website","url":"https:\/\/www.wohnmobil-world.de\/","name":"Wohnmobil-world.de","description":"Alles \u00fcber Wohnmobile und mehr...","publisher":{"@id":"https:\/\/www.wohnmobil-world.de\/#organization"},"potentialAction":[{"@type":"SearchAction","target":{"@type":"EntryPoint","urlTemplate":"https:\/\/www.wohnmobil-world.de\/?s={search_term_string}"},"query-input":{"@type":"PropertyValueSpecification","valueRequired":true,"valueName":"search_term_string"}}],"inLanguage":"de"},{"@type":"Organization","@id":"https:\/\/www.wohnmobil-world.de\/#organization","name":"wohnmobil-world.de","url":"https:\/\/www.wohnmobil-world.de\/","logo":{"@type":"ImageObject","inLanguage":"de","@id":"https:\/\/www.wohnmobil-world.de\/#\/schema\/logo\/image\/","url":"https:\/\/www.wohnmobil-world.de\/wp-content\/uploads\/2018\/06\/Web_Logo_rund_klein.png","contentUrl":"https:\/\/www.wohnmobil-world.de\/wp-content\/uploads\/2018\/06\/Web_Logo_rund_klein.png","width":200,"height":150,"caption":"wohnmobil-world.de"},"image":{"@id":"https:\/\/www.wohnmobil-world.de\/#\/schema\/logo\/image\/"},"sameAs":["https:\/\/www.facebook.com\/wohnmobilworld\/","https:\/\/x.com\/WohnmobilD","https:\/\/www.instagram.com\/wohnmobilworld.de\/","https:\/\/www.youtube.com\/c\/wohnmobilworld"]},{"@type":"Person","@id":"https:\/\/www.wohnmobil-world.de\/#\/schema\/person\/4fdb7cae886aa04e07cc7e671de66422","name":"Thomas Blachetzki","image":{"@type":"ImageObject","inLanguage":"de","@id":"https:\/\/secure.gravatar.com\/avatar\/87be5f7f0519dece30edc90624668e740f9b4a8d7086cdefb2f24adbdb04885e?s=96&d=mm&r=g","url":"https:\/\/secure.gravatar.com\/avatar\/87be5f7f0519dece30edc90624668e740f9b4a8d7086cdefb2f24adbdb04885e?s=96&d=mm&r=g","contentUrl":"https:\/\/secure.gravatar.com\/avatar\/87be5f7f0519dece30edc90624668e740f9b4a8d7086cdefb2f24adbdb04885e?s=96&d=mm&r=g","caption":"Thomas Blachetzki"},"url":"https:\/\/www.wohnmobil-world.de\/index.php\/author\/thomas\/"}]}},"_links":{"self":[{"href":"https:\/\/www.wohnmobil-world.de\/index.php\/wp-json\/wp\/v2\/posts\/727","targetHints":{"allow":["GET"]}}],"collection":[{"href":"https:\/\/www.wohnmobil-world.de\/index.php\/wp-json\/wp\/v2\/posts"}],"about":[{"href":"https:\/\/www.wohnmobil-world.de\/index.php\/wp-json\/wp\/v2\/types\/post"}],"author":[{"embeddable":true,"href":"https:\/\/www.wohnmobil-world.de\/index.php\/wp-json\/wp\/v2\/users\/2"}],"replies":[{"embeddable":true,"href":"https:\/\/www.wohnmobil-world.de\/index.php\/wp-json\/wp\/v2\/comments?post=727"}],"version-history":[{"count":12,"href":"https:\/\/www.wohnmobil-world.de\/index.php\/wp-json\/wp\/v2\/posts\/727\/revisions"}],"predecessor-version":[{"id":1394,"href":"https:\/\/www.wohnmobil-world.de\/index.php\/wp-json\/wp\/v2\/posts\/727\/revisions\/1394"}],"wp:featuredmedia":[{"embeddable":true,"href":"https:\/\/www.wohnmobil-world.de\/index.php\/wp-json\/wp\/v2\/media\/701"}],"wp:attachment":[{"href":"https:\/\/www.wohnmobil-world.de\/index.php\/wp-json\/wp\/v2\/media?parent=727"}],"wp:term":[{"taxonomy":"category","embeddable":true,"href":"https:\/\/www.wohnmobil-world.de\/index.php\/wp-json\/wp\/v2\/categories?post=727"},{"taxonomy":"post_tag","embeddable":true,"href":"https:\/\/www.wohnmobil-world.de\/index.php\/wp-json\/wp\/v2\/tags?post=727"}],"curies":[{"name":"wp","href":"https:\/\/api.w.org\/{rel}","templated":true}]}}