{"id":680,"date":"2018-09-04T14:35:28","date_gmt":"2018-09-04T14:35:28","guid":{"rendered":"https:\/\/wohnmobil-world.de\/?p=680"},"modified":"2018-09-05T11:58:55","modified_gmt":"2018-09-05T11:58:55","slug":"caravan-salon-2018-messe-uebertrifft-alle-erwartungen","status":"publish","type":"post","link":"https:\/\/www.wohnmobil-world.de\/index.php\/2018\/09\/04\/caravan-salon-2018-messe-uebertrifft-alle-erwartungen\/","title":{"rendered":"Caravan Salon 2018 &#8211; Messe \u00fcbertrifft alle Erwartungen"},"content":{"rendered":"<p>Der CARAVAN SALON D\u00dcSSELDORF 2018 hat alle Erwartungen \u00fcbertroffen und konnte das Rekordergebnis des Vorjahres noch einmal deutlich steigern. <!--more--><\/p>\n<p><a href=\"https:\/\/www.wohnmobil-world.de\/wp-content\/uploads\/2018\/09\/Caravan18_JV6066.jpg\"><img loading=\"lazy\" decoding=\"async\" class=\"alignnone wp-image-684 size-large\" src=\"https:\/\/www.wohnmobil-world.de\/wp-content\/uploads\/2018\/09\/Caravan18_JV6066-1024x505.jpg\" alt=\"\" width=\"1024\" height=\"505\" srcset=\"https:\/\/www.wohnmobil-world.de\/wp-content\/uploads\/2018\/09\/Caravan18_JV6066-1024x505.jpg 1024w, https:\/\/www.wohnmobil-world.de\/wp-content\/uploads\/2018\/09\/Caravan18_JV6066-300x148.jpg 300w, https:\/\/www.wohnmobil-world.de\/wp-content\/uploads\/2018\/09\/Caravan18_JV6066-768x379.jpg 768w, https:\/\/www.wohnmobil-world.de\/wp-content\/uploads\/2018\/09\/Caravan18_JV6066.jpg 1400w\" sizes=\"auto, (max-width: 1024px) 100vw, 1024px\" \/><\/a><\/p>\n<p>Die weltweit gr\u00f6\u00dfte Messe f\u00fcr Reisemobile und Caravans erlebte bei der 57. Auflage die bestbesuchte Veranstaltung ihrer Geschichte. \u201eIn den vergangenen zehn Tagen haben wir 248.000 Besucher (2017: 232.000) auf dem D\u00fcsseldorfer Messegel\u00e4nde begr\u00fc\u00dft. Wir freuen uns sehr \u00fcber diesen neuen Spitzenwert und sehen den Besucherandrang auch als Best\u00e4tigung f\u00fcr eine hervorragende gemeinsame Arbeit der Aussteller, des Caravaning Industrie Verbandes und unserer Messegesellschaft,\u201c bilanziert Joachim Sch\u00e4fer, der scheidende Gesch\u00e4ftsf\u00fchrer der Messe D\u00fcsseldorf.<\/p>\n<p><a href=\"https:\/\/www.wohnmobil-world.de\/wp-content\/uploads\/2018\/09\/Caravan18_MT4461.jpg\"><img loading=\"lazy\" decoding=\"async\" class=\"alignnone size-large wp-image-686\" src=\"https:\/\/www.wohnmobil-world.de\/wp-content\/uploads\/2018\/09\/Caravan18_MT4461-1024x682.jpg\" alt=\"\" width=\"1024\" height=\"682\" srcset=\"https:\/\/www.wohnmobil-world.de\/wp-content\/uploads\/2018\/09\/Caravan18_MT4461-1024x682.jpg 1024w, https:\/\/www.wohnmobil-world.de\/wp-content\/uploads\/2018\/09\/Caravan18_MT4461-300x200.jpg 300w, https:\/\/www.wohnmobil-world.de\/wp-content\/uploads\/2018\/09\/Caravan18_MT4461-768x512.jpg 768w, https:\/\/www.wohnmobil-world.de\/wp-content\/uploads\/2018\/09\/Caravan18_MT4461.jpg 1400w\" sizes=\"auto, (max-width: 1024px) 100vw, 1024px\" \/><\/a><\/p>\n<p>Die Urlaubsform der mobilen Freizeit liegt weiter voll im Trend. Dank Rekordzahlen bei Neuzulassungen ist die generelle Stimmung in der Caravaningbranche ausgezeichnet. \u201eDas war auch auf dem CARAVAN SALON deutlich zu sp\u00fcren. Die Atmosph\u00e4re in den Hallen bei Ausstellern und Besuchern war hervorragend. Erneut konnten wir mit 35 Prozent einen sehr hohen Wert an Erstbesuchern verzeichnen. F\u00fcr diese Neueinsteiger haben wir mit der StarterWelt eine serviceorientierte und kundenfreundliche Beratungsstelle im Angebot. Auff\u00e4llig war auch, dass sich noch mehr junge Familien mit Kindern f\u00fcr diese Urlaubsform interessieren\u201c, sagt CARAVAN SALON-Director Stefan Koschke.<\/p>\n<p>Einen kleinen Messerundgang mit vielen Neuigkeiten, aber auch all unseren Videobeitr\u00e4gen, pr\u00e4sentiert euch unser Ralph.<\/p>\n<p><iframe loading=\"lazy\" src=\"https:\/\/www.youtube.com\/embed\/eXVZy7lc9cY\" width=\"560\" height=\"315\" frameborder=\"0\" allowfullscreen=\"allowfullscreen\"><\/iframe><br \/>\nText: wohnmobilworld.de \/ Messe D\u00fcsseldorf<\/p>\n<p>Fotos: Foto: Messe D\u00fcsseldorf \/ ctillmann<\/p>\n<p>Video: wohnmobilworld.de<\/p>\n<p>&nbsp;<\/p>\n","protected":false},"excerpt":{"rendered":"<p>Der CARAVAN SALON D\u00dcSSELDORF 2018 hat alle Erwartungen \u00fcbertroffen und konnte das Rekordergebnis des Vorjahres noch einmal deutlich steigern.<\/p>\n","protected":false},"author":2,"featured_media":685,"comment_status":"open","ping_status":"closed","sticky":false,"template":"","format":"standard","meta":{"_crdt_document":"","_exactmetrics_skip_tracking":false,"_exactmetrics_sitenote_active":false,"_exactmetrics_sitenote_note":"","_exactmetrics_sitenote_category":0,"footnotes":""},"categories":[21,20],"tags":[53,34,55,56,58,49,59,63,38,43,35,46,54,40,39,24,23,37],"class_list":["post-680","post","type-post","status-publish","format-standard","has-post-thumbnail","hentry","category-messeberichte","category-news","tag-california-xxl","tag-camper","tag-campervanlife","tag-camping","tag-campster","tag-caravan-salon","tag-citroen","tag-concept-marco-polo","tag-countdown","tag-grand-california","tag-integriert","tag-mercedes-benz","tag-nasszelle","tag-neu","tag-news","tag-reisemobil","tag-wohnmobil","tag-wohnmobil-world-de"],"yoast_head":"<!-- This site is optimized with the Yoast SEO plugin v27.5 - https:\/\/yoast.com\/product\/yoast-seo-wordpress\/ -->\n<title>Caravan Salon 2018 - Messe \u00fcbertrifft alle Erwartungen - Wohnmobil-world.de<\/title>\n<meta name=\"description\" content=\"Reist mit uns in die gro\u00dfe Welt der beliebtesten Reisemobile in Deutschland, Europa und der Welt. Wir liefern Fahrberichte, Tests und Fakten! Unser Blog: wohnmobil-world.de Facebook: https:\/\/www.facebook.com\/wohnmobilworld Instagram: https:\/\/www.instagram.com\/wohnmobilworld.de\/ Twitter: @wohnmobilD\" \/>\n<meta name=\"robots\" content=\"index, follow, max-snippet:-1, max-image-preview:large, max-video-preview:-1\" \/>\n<link rel=\"canonical\" href=\"https:\/\/www.wohnmobil-world.de\/index.php\/2018\/09\/04\/caravan-salon-2018-messe-uebertrifft-alle-erwartungen\/\" \/>\n<meta property=\"og:locale\" content=\"de_DE\" \/>\n<meta property=\"og:type\" content=\"article\" \/>\n<meta property=\"og:title\" content=\"Caravan Salon 2018 - Messe \u00fcbertrifft alle Erwartungen - Wohnmobil-world.de\" \/>\n<meta property=\"og:description\" content=\"Reist mit uns in die gro\u00dfe Welt der beliebtesten Reisemobile in Deutschland, Europa und der Welt. Wir liefern Fahrberichte, Tests und Fakten! Unser Blog: wohnmobil-world.de Facebook: https:\/\/www.facebook.com\/wohnmobilworld Instagram: https:\/\/www.instagram.com\/wohnmobilworld.de\/ Twitter: @wohnmobilD\" \/>\n<meta property=\"og:url\" content=\"https:\/\/www.wohnmobil-world.de\/index.php\/2018\/09\/04\/caravan-salon-2018-messe-uebertrifft-alle-erwartungen\/\" \/>\n<meta property=\"og:site_name\" content=\"Wohnmobil-world.de\" \/>\n<meta property=\"article:publisher\" content=\"https:\/\/www.facebook.com\/wohnmobilworld\/\" \/>\n<meta property=\"article:published_time\" content=\"2018-09-04T14:35:28+00:00\" \/>\n<meta property=\"article:modified_time\" content=\"2018-09-05T11:58:55+00:00\" \/>\n<meta property=\"og:image\" content=\"https:\/\/www.wohnmobil-world.de\/wp-content\/uploads\/2018\/09\/Caravan18_BL8409.jpg\" \/>\n\t<meta property=\"og:image:width\" content=\"1400\" \/>\n\t<meta property=\"og:image:height\" content=\"933\" \/>\n\t<meta property=\"og:image:type\" content=\"image\/jpeg\" \/>\n<meta name=\"author\" content=\"Thomas Blachetzki\" \/>\n<meta name=\"twitter:card\" content=\"summary_large_image\" \/>\n<meta name=\"twitter:creator\" content=\"@WohnmobilD\" \/>\n<meta name=\"twitter:site\" content=\"@WohnmobilD\" \/>\n<meta name=\"twitter:label1\" content=\"Verfasst von\" \/>\n\t<meta name=\"twitter:data1\" content=\"Thomas Blachetzki\" \/>\n\t<meta name=\"twitter:label2\" content=\"Gesch\u00e4tzte Lesezeit\" \/>\n\t<meta name=\"twitter:data2\" content=\"1\u00a0Minute\" \/>\n<script type=\"application\/ld+json\" class=\"yoast-schema-graph\">{\"@context\":\"https:\\\/\\\/schema.org\",\"@graph\":[{\"@type\":\"Article\",\"@id\":\"https:\\\/\\\/www.wohnmobil-world.de\\\/index.php\\\/2018\\\/09\\\/04\\\/caravan-salon-2018-messe-uebertrifft-alle-erwartungen\\\/#article\",\"isPartOf\":{\"@id\":\"https:\\\/\\\/www.wohnmobil-world.de\\\/index.php\\\/2018\\\/09\\\/04\\\/caravan-salon-2018-messe-uebertrifft-alle-erwartungen\\\/\"},\"author\":{\"name\":\"Thomas Blachetzki\",\"@id\":\"https:\\\/\\\/www.wohnmobil-world.de\\\/#\\\/schema\\\/person\\\/4fdb7cae886aa04e07cc7e671de66422\"},\"headline\":\"Caravan Salon 2018 &#8211; Messe \u00fcbertrifft alle Erwartungen\",\"datePublished\":\"2018-09-04T14:35:28+00:00\",\"dateModified\":\"2018-09-05T11:58:55+00:00\",\"mainEntityOfPage\":{\"@id\":\"https:\\\/\\\/www.wohnmobil-world.de\\\/index.php\\\/2018\\\/09\\\/04\\\/caravan-salon-2018-messe-uebertrifft-alle-erwartungen\\\/\"},\"wordCount\":233,\"commentCount\":0,\"publisher\":{\"@id\":\"https:\\\/\\\/www.wohnmobil-world.de\\\/#organization\"},\"image\":{\"@id\":\"https:\\\/\\\/www.wohnmobil-world.de\\\/index.php\\\/2018\\\/09\\\/04\\\/caravan-salon-2018-messe-uebertrifft-alle-erwartungen\\\/#primaryimage\"},\"thumbnailUrl\":\"https:\\\/\\\/www.wohnmobil-world.de\\\/wp-content\\\/uploads\\\/2018\\\/09\\\/Caravan18_BL8409.jpg\",\"keywords\":[\"California XXL\",\"Camper\",\"Campervanlife\",\"camping\",\"campster\",\"Caravan-Salon\",\"Citro\u00ebn\",\"concept marco polo\",\"Countdown\",\"Grand California\",\"Integriert\",\"Mercedes-Benz\",\"Nasszelle\",\"Neu\",\"News\",\"reisemobil\",\"Wohnmobil\",\"wohnmobil-world.de\"],\"articleSection\":[\"Messeberichte\",\"News\"],\"inLanguage\":\"de\"},{\"@type\":\"WebPage\",\"@id\":\"https:\\\/\\\/www.wohnmobil-world.de\\\/index.php\\\/2018\\\/09\\\/04\\\/caravan-salon-2018-messe-uebertrifft-alle-erwartungen\\\/\",\"url\":\"https:\\\/\\\/www.wohnmobil-world.de\\\/index.php\\\/2018\\\/09\\\/04\\\/caravan-salon-2018-messe-uebertrifft-alle-erwartungen\\\/\",\"name\":\"Caravan Salon 2018 - Messe \u00fcbertrifft alle Erwartungen - Wohnmobil-world.de\",\"isPartOf\":{\"@id\":\"https:\\\/\\\/www.wohnmobil-world.de\\\/#website\"},\"primaryImageOfPage\":{\"@id\":\"https:\\\/\\\/www.wohnmobil-world.de\\\/index.php\\\/2018\\\/09\\\/04\\\/caravan-salon-2018-messe-uebertrifft-alle-erwartungen\\\/#primaryimage\"},\"image\":{\"@id\":\"https:\\\/\\\/www.wohnmobil-world.de\\\/index.php\\\/2018\\\/09\\\/04\\\/caravan-salon-2018-messe-uebertrifft-alle-erwartungen\\\/#primaryimage\"},\"thumbnailUrl\":\"https:\\\/\\\/www.wohnmobil-world.de\\\/wp-content\\\/uploads\\\/2018\\\/09\\\/Caravan18_BL8409.jpg\",\"datePublished\":\"2018-09-04T14:35:28+00:00\",\"dateModified\":\"2018-09-05T11:58:55+00:00\",\"description\":\"Reist mit uns in die gro\u00dfe Welt der beliebtesten Reisemobile in Deutschland, Europa und der Welt. Wir liefern Fahrberichte, Tests und Fakten! Unser Blog: wohnmobil-world.de Facebook: https:\\\/\\\/www.facebook.com\\\/wohnmobilworld Instagram: https:\\\/\\\/www.instagram.com\\\/wohnmobilworld.de\\\/ Twitter: @wohnmobilD\",\"breadcrumb\":{\"@id\":\"https:\\\/\\\/www.wohnmobil-world.de\\\/index.php\\\/2018\\\/09\\\/04\\\/caravan-salon-2018-messe-uebertrifft-alle-erwartungen\\\/#breadcrumb\"},\"inLanguage\":\"de\",\"potentialAction\":[{\"@type\":\"ReadAction\",\"target\":[\"https:\\\/\\\/www.wohnmobil-world.de\\\/index.php\\\/2018\\\/09\\\/04\\\/caravan-salon-2018-messe-uebertrifft-alle-erwartungen\\\/\"]}]},{\"@type\":\"ImageObject\",\"inLanguage\":\"de\",\"@id\":\"https:\\\/\\\/www.wohnmobil-world.de\\\/index.php\\\/2018\\\/09\\\/04\\\/caravan-salon-2018-messe-uebertrifft-alle-erwartungen\\\/#primaryimage\",\"url\":\"https:\\\/\\\/www.wohnmobil-world.de\\\/wp-content\\\/uploads\\\/2018\\\/09\\\/Caravan18_BL8409.jpg\",\"contentUrl\":\"https:\\\/\\\/www.wohnmobil-world.de\\\/wp-content\\\/uploads\\\/2018\\\/09\\\/Caravan18_BL8409.jpg\",\"width\":1400,\"height\":933,\"caption\":\"Der CARAVAN SALON DUESSELDORF ist die weltgr\u00f6\u00dfte Messe f\u00fcr mobile Freizeit. Von Samstag, 25. August bis Sonntag, 3. September 2018 pr\u00e4sentieren \u00fcber 600 nationale und internationale Aussteller mit 130 Caravan- und Reisemobilmarken ihre Innovationen und aktuellen Modelle in 13 Hallen sowie dem Freigel\u00e4nde. Auf \u00fcber 214.000 Quadratmetern werden rund 2.100 Freizeit-Fahrzeuge in allen denkbaren Gr\u00f6\u00dfen und Varianten zu bewundern sein, au\u00dferdem Zubeh\u00f6r, Zelte, Technik und touristische Destinationen. | CARAVAN SALON DUESSELDORF showcases the world's largest selection for mobile holidays. From August 25 to September 2 2018, the exhibitors show motorhomes and caravans, basic vehicles, accessoires, equipment, tents, mobile homes and travel destinations. More than 600 national and international exhibitors with 130 caravan and motor home brands will be presenting their innovations and current models in 13 halls as well as on the outdoor exhibition space. On 214,000 square metres to the tune of 2.100 recreational vehicles in all conceivable sizes and versions can be marveled at.\"},{\"@type\":\"BreadcrumbList\",\"@id\":\"https:\\\/\\\/www.wohnmobil-world.de\\\/index.php\\\/2018\\\/09\\\/04\\\/caravan-salon-2018-messe-uebertrifft-alle-erwartungen\\\/#breadcrumb\",\"itemListElement\":[{\"@type\":\"ListItem\",\"position\":1,\"name\":\"Startseite\",\"item\":\"https:\\\/\\\/www.wohnmobil-world.de\\\/\"},{\"@type\":\"ListItem\",\"position\":2,\"name\":\"Caravan Salon 2018 &#8211; Messe \u00fcbertrifft alle Erwartungen\"}]},{\"@type\":\"WebSite\",\"@id\":\"https:\\\/\\\/www.wohnmobil-world.de\\\/#website\",\"url\":\"https:\\\/\\\/www.wohnmobil-world.de\\\/\",\"name\":\"Wohnmobil-world.de\",\"description\":\"Alles \u00fcber Wohnmobile und mehr...\",\"publisher\":{\"@id\":\"https:\\\/\\\/www.wohnmobil-world.de\\\/#organization\"},\"potentialAction\":[{\"@type\":\"SearchAction\",\"target\":{\"@type\":\"EntryPoint\",\"urlTemplate\":\"https:\\\/\\\/www.wohnmobil-world.de\\\/?s={search_term_string}\"},\"query-input\":{\"@type\":\"PropertyValueSpecification\",\"valueRequired\":true,\"valueName\":\"search_term_string\"}}],\"inLanguage\":\"de\"},{\"@type\":\"Organization\",\"@id\":\"https:\\\/\\\/www.wohnmobil-world.de\\\/#organization\",\"name\":\"wohnmobil-world.de\",\"url\":\"https:\\\/\\\/www.wohnmobil-world.de\\\/\",\"logo\":{\"@type\":\"ImageObject\",\"inLanguage\":\"de\",\"@id\":\"https:\\\/\\\/www.wohnmobil-world.de\\\/#\\\/schema\\\/logo\\\/image\\\/\",\"url\":\"https:\\\/\\\/www.wohnmobil-world.de\\\/wp-content\\\/uploads\\\/2018\\\/06\\\/Web_Logo_rund_klein.png\",\"contentUrl\":\"https:\\\/\\\/www.wohnmobil-world.de\\\/wp-content\\\/uploads\\\/2018\\\/06\\\/Web_Logo_rund_klein.png\",\"width\":200,\"height\":150,\"caption\":\"wohnmobil-world.de\"},\"image\":{\"@id\":\"https:\\\/\\\/www.wohnmobil-world.de\\\/#\\\/schema\\\/logo\\\/image\\\/\"},\"sameAs\":[\"https:\\\/\\\/www.facebook.com\\\/wohnmobilworld\\\/\",\"https:\\\/\\\/x.com\\\/WohnmobilD\",\"https:\\\/\\\/www.instagram.com\\\/wohnmobilworld.de\\\/\",\"https:\\\/\\\/www.youtube.com\\\/c\\\/wohnmobilworld\"]},{\"@type\":\"Person\",\"@id\":\"https:\\\/\\\/www.wohnmobil-world.de\\\/#\\\/schema\\\/person\\\/4fdb7cae886aa04e07cc7e671de66422\",\"name\":\"Thomas Blachetzki\",\"image\":{\"@type\":\"ImageObject\",\"inLanguage\":\"de\",\"@id\":\"https:\\\/\\\/secure.gravatar.com\\\/avatar\\\/87be5f7f0519dece30edc90624668e740f9b4a8d7086cdefb2f24adbdb04885e?s=96&d=mm&r=g\",\"url\":\"https:\\\/\\\/secure.gravatar.com\\\/avatar\\\/87be5f7f0519dece30edc90624668e740f9b4a8d7086cdefb2f24adbdb04885e?s=96&d=mm&r=g\",\"contentUrl\":\"https:\\\/\\\/secure.gravatar.com\\\/avatar\\\/87be5f7f0519dece30edc90624668e740f9b4a8d7086cdefb2f24adbdb04885e?s=96&d=mm&r=g\",\"caption\":\"Thomas Blachetzki\"},\"url\":\"https:\\\/\\\/www.wohnmobil-world.de\\\/index.php\\\/author\\\/thomas\\\/\"}]}<\/script>\n<!-- \/ Yoast SEO plugin. -->","yoast_head_json":{"title":"Caravan Salon 2018 - Messe \u00fcbertrifft alle Erwartungen - Wohnmobil-world.de","description":"Reist mit uns in die gro\u00dfe Welt der beliebtesten Reisemobile in Deutschland, Europa und der Welt. Wir liefern Fahrberichte, Tests und Fakten! Unser Blog: wohnmobil-world.de Facebook: https:\/\/www.facebook.com\/wohnmobilworld Instagram: https:\/\/www.instagram.com\/wohnmobilworld.de\/ Twitter: @wohnmobilD","robots":{"index":"index","follow":"follow","max-snippet":"max-snippet:-1","max-image-preview":"max-image-preview:large","max-video-preview":"max-video-preview:-1"},"canonical":"https:\/\/www.wohnmobil-world.de\/index.php\/2018\/09\/04\/caravan-salon-2018-messe-uebertrifft-alle-erwartungen\/","og_locale":"de_DE","og_type":"article","og_title":"Caravan Salon 2018 - Messe \u00fcbertrifft alle Erwartungen - Wohnmobil-world.de","og_description":"Reist mit uns in die gro\u00dfe Welt der beliebtesten Reisemobile in Deutschland, Europa und der Welt. Wir liefern Fahrberichte, Tests und Fakten! Unser Blog: wohnmobil-world.de Facebook: https:\/\/www.facebook.com\/wohnmobilworld Instagram: https:\/\/www.instagram.com\/wohnmobilworld.de\/ Twitter: @wohnmobilD","og_url":"https:\/\/www.wohnmobil-world.de\/index.php\/2018\/09\/04\/caravan-salon-2018-messe-uebertrifft-alle-erwartungen\/","og_site_name":"Wohnmobil-world.de","article_publisher":"https:\/\/www.facebook.com\/wohnmobilworld\/","article_published_time":"2018-09-04T14:35:28+00:00","article_modified_time":"2018-09-05T11:58:55+00:00","og_image":[{"width":1400,"height":933,"url":"https:\/\/www.wohnmobil-world.de\/wp-content\/uploads\/2018\/09\/Caravan18_BL8409.jpg","type":"image\/jpeg"}],"author":"Thomas Blachetzki","twitter_card":"summary_large_image","twitter_creator":"@WohnmobilD","twitter_site":"@WohnmobilD","twitter_misc":{"Verfasst von":"Thomas Blachetzki","Gesch\u00e4tzte Lesezeit":"1\u00a0Minute"},"schema":{"@context":"https:\/\/schema.org","@graph":[{"@type":"Article","@id":"https:\/\/www.wohnmobil-world.de\/index.php\/2018\/09\/04\/caravan-salon-2018-messe-uebertrifft-alle-erwartungen\/#article","isPartOf":{"@id":"https:\/\/www.wohnmobil-world.de\/index.php\/2018\/09\/04\/caravan-salon-2018-messe-uebertrifft-alle-erwartungen\/"},"author":{"name":"Thomas Blachetzki","@id":"https:\/\/www.wohnmobil-world.de\/#\/schema\/person\/4fdb7cae886aa04e07cc7e671de66422"},"headline":"Caravan Salon 2018 &#8211; Messe \u00fcbertrifft alle Erwartungen","datePublished":"2018-09-04T14:35:28+00:00","dateModified":"2018-09-05T11:58:55+00:00","mainEntityOfPage":{"@id":"https:\/\/www.wohnmobil-world.de\/index.php\/2018\/09\/04\/caravan-salon-2018-messe-uebertrifft-alle-erwartungen\/"},"wordCount":233,"commentCount":0,"publisher":{"@id":"https:\/\/www.wohnmobil-world.de\/#organization"},"image":{"@id":"https:\/\/www.wohnmobil-world.de\/index.php\/2018\/09\/04\/caravan-salon-2018-messe-uebertrifft-alle-erwartungen\/#primaryimage"},"thumbnailUrl":"https:\/\/www.wohnmobil-world.de\/wp-content\/uploads\/2018\/09\/Caravan18_BL8409.jpg","keywords":["California XXL","Camper","Campervanlife","camping","campster","Caravan-Salon","Citro\u00ebn","concept marco polo","Countdown","Grand California","Integriert","Mercedes-Benz","Nasszelle","Neu","News","reisemobil","Wohnmobil","wohnmobil-world.de"],"articleSection":["Messeberichte","News"],"inLanguage":"de"},{"@type":"WebPage","@id":"https:\/\/www.wohnmobil-world.de\/index.php\/2018\/09\/04\/caravan-salon-2018-messe-uebertrifft-alle-erwartungen\/","url":"https:\/\/www.wohnmobil-world.de\/index.php\/2018\/09\/04\/caravan-salon-2018-messe-uebertrifft-alle-erwartungen\/","name":"Caravan Salon 2018 - Messe \u00fcbertrifft alle Erwartungen - Wohnmobil-world.de","isPartOf":{"@id":"https:\/\/www.wohnmobil-world.de\/#website"},"primaryImageOfPage":{"@id":"https:\/\/www.wohnmobil-world.de\/index.php\/2018\/09\/04\/caravan-salon-2018-messe-uebertrifft-alle-erwartungen\/#primaryimage"},"image":{"@id":"https:\/\/www.wohnmobil-world.de\/index.php\/2018\/09\/04\/caravan-salon-2018-messe-uebertrifft-alle-erwartungen\/#primaryimage"},"thumbnailUrl":"https:\/\/www.wohnmobil-world.de\/wp-content\/uploads\/2018\/09\/Caravan18_BL8409.jpg","datePublished":"2018-09-04T14:35:28+00:00","dateModified":"2018-09-05T11:58:55+00:00","description":"Reist mit uns in die gro\u00dfe Welt der beliebtesten Reisemobile in Deutschland, Europa und der Welt. Wir liefern Fahrberichte, Tests und Fakten! Unser Blog: wohnmobil-world.de Facebook: https:\/\/www.facebook.com\/wohnmobilworld Instagram: https:\/\/www.instagram.com\/wohnmobilworld.de\/ Twitter: @wohnmobilD","breadcrumb":{"@id":"https:\/\/www.wohnmobil-world.de\/index.php\/2018\/09\/04\/caravan-salon-2018-messe-uebertrifft-alle-erwartungen\/#breadcrumb"},"inLanguage":"de","potentialAction":[{"@type":"ReadAction","target":["https:\/\/www.wohnmobil-world.de\/index.php\/2018\/09\/04\/caravan-salon-2018-messe-uebertrifft-alle-erwartungen\/"]}]},{"@type":"ImageObject","inLanguage":"de","@id":"https:\/\/www.wohnmobil-world.de\/index.php\/2018\/09\/04\/caravan-salon-2018-messe-uebertrifft-alle-erwartungen\/#primaryimage","url":"https:\/\/www.wohnmobil-world.de\/wp-content\/uploads\/2018\/09\/Caravan18_BL8409.jpg","contentUrl":"https:\/\/www.wohnmobil-world.de\/wp-content\/uploads\/2018\/09\/Caravan18_BL8409.jpg","width":1400,"height":933,"caption":"Der CARAVAN SALON DUESSELDORF ist die weltgr\u00f6\u00dfte Messe f\u00fcr mobile Freizeit. Von Samstag, 25. August bis Sonntag, 3. September 2018 pr\u00e4sentieren \u00fcber 600 nationale und internationale Aussteller mit 130 Caravan- und Reisemobilmarken ihre Innovationen und aktuellen Modelle in 13 Hallen sowie dem Freigel\u00e4nde. Auf \u00fcber 214.000 Quadratmetern werden rund 2.100 Freizeit-Fahrzeuge in allen denkbaren Gr\u00f6\u00dfen und Varianten zu bewundern sein, au\u00dferdem Zubeh\u00f6r, Zelte, Technik und touristische Destinationen. | CARAVAN SALON DUESSELDORF showcases the world's largest selection for mobile holidays. From August 25 to September 2 2018, the exhibitors show motorhomes and caravans, basic vehicles, accessoires, equipment, tents, mobile homes and travel destinations. More than 600 national and international exhibitors with 130 caravan and motor home brands will be presenting their innovations and current models in 13 halls as well as on the outdoor exhibition space. On 214,000 square metres to the tune of 2.100 recreational vehicles in all conceivable sizes and versions can be marveled at."},{"@type":"BreadcrumbList","@id":"https:\/\/www.wohnmobil-world.de\/index.php\/2018\/09\/04\/caravan-salon-2018-messe-uebertrifft-alle-erwartungen\/#breadcrumb","itemListElement":[{"@type":"ListItem","position":1,"name":"Startseite","item":"https:\/\/www.wohnmobil-world.de\/"},{"@type":"ListItem","position":2,"name":"Caravan Salon 2018 &#8211; Messe \u00fcbertrifft alle Erwartungen"}]},{"@type":"WebSite","@id":"https:\/\/www.wohnmobil-world.de\/#website","url":"https:\/\/www.wohnmobil-world.de\/","name":"Wohnmobil-world.de","description":"Alles \u00fcber Wohnmobile und mehr...","publisher":{"@id":"https:\/\/www.wohnmobil-world.de\/#organization"},"potentialAction":[{"@type":"SearchAction","target":{"@type":"EntryPoint","urlTemplate":"https:\/\/www.wohnmobil-world.de\/?s={search_term_string}"},"query-input":{"@type":"PropertyValueSpecification","valueRequired":true,"valueName":"search_term_string"}}],"inLanguage":"de"},{"@type":"Organization","@id":"https:\/\/www.wohnmobil-world.de\/#organization","name":"wohnmobil-world.de","url":"https:\/\/www.wohnmobil-world.de\/","logo":{"@type":"ImageObject","inLanguage":"de","@id":"https:\/\/www.wohnmobil-world.de\/#\/schema\/logo\/image\/","url":"https:\/\/www.wohnmobil-world.de\/wp-content\/uploads\/2018\/06\/Web_Logo_rund_klein.png","contentUrl":"https:\/\/www.wohnmobil-world.de\/wp-content\/uploads\/2018\/06\/Web_Logo_rund_klein.png","width":200,"height":150,"caption":"wohnmobil-world.de"},"image":{"@id":"https:\/\/www.wohnmobil-world.de\/#\/schema\/logo\/image\/"},"sameAs":["https:\/\/www.facebook.com\/wohnmobilworld\/","https:\/\/x.com\/WohnmobilD","https:\/\/www.instagram.com\/wohnmobilworld.de\/","https:\/\/www.youtube.com\/c\/wohnmobilworld"]},{"@type":"Person","@id":"https:\/\/www.wohnmobil-world.de\/#\/schema\/person\/4fdb7cae886aa04e07cc7e671de66422","name":"Thomas Blachetzki","image":{"@type":"ImageObject","inLanguage":"de","@id":"https:\/\/secure.gravatar.com\/avatar\/87be5f7f0519dece30edc90624668e740f9b4a8d7086cdefb2f24adbdb04885e?s=96&d=mm&r=g","url":"https:\/\/secure.gravatar.com\/avatar\/87be5f7f0519dece30edc90624668e740f9b4a8d7086cdefb2f24adbdb04885e?s=96&d=mm&r=g","contentUrl":"https:\/\/secure.gravatar.com\/avatar\/87be5f7f0519dece30edc90624668e740f9b4a8d7086cdefb2f24adbdb04885e?s=96&d=mm&r=g","caption":"Thomas Blachetzki"},"url":"https:\/\/www.wohnmobil-world.de\/index.php\/author\/thomas\/"}]}},"_links":{"self":[{"href":"https:\/\/www.wohnmobil-world.de\/index.php\/wp-json\/wp\/v2\/posts\/680","targetHints":{"allow":["GET"]}}],"collection":[{"href":"https:\/\/www.wohnmobil-world.de\/index.php\/wp-json\/wp\/v2\/posts"}],"about":[{"href":"https:\/\/www.wohnmobil-world.de\/index.php\/wp-json\/wp\/v2\/types\/post"}],"author":[{"embeddable":true,"href":"https:\/\/www.wohnmobil-world.de\/index.php\/wp-json\/wp\/v2\/users\/2"}],"replies":[{"embeddable":true,"href":"https:\/\/www.wohnmobil-world.de\/index.php\/wp-json\/wp\/v2\/comments?post=680"}],"version-history":[{"count":6,"href":"https:\/\/www.wohnmobil-world.de\/index.php\/wp-json\/wp\/v2\/posts\/680\/revisions"}],"predecessor-version":[{"id":691,"href":"https:\/\/www.wohnmobil-world.de\/index.php\/wp-json\/wp\/v2\/posts\/680\/revisions\/691"}],"wp:featuredmedia":[{"embeddable":true,"href":"https:\/\/www.wohnmobil-world.de\/index.php\/wp-json\/wp\/v2\/media\/685"}],"wp:attachment":[{"href":"https:\/\/www.wohnmobil-world.de\/index.php\/wp-json\/wp\/v2\/media?parent=680"}],"wp:term":[{"taxonomy":"category","embeddable":true,"href":"https:\/\/www.wohnmobil-world.de\/index.php\/wp-json\/wp\/v2\/categories?post=680"},{"taxonomy":"post_tag","embeddable":true,"href":"https:\/\/www.wohnmobil-world.de\/index.php\/wp-json\/wp\/v2\/tags?post=680"}],"curies":[{"name":"wp","href":"https:\/\/api.w.org\/{rel}","templated":true}]}}