{"id":472,"date":"2018-08-23T09:10:29","date_gmt":"2018-08-23T09:10:29","guid":{"rendered":"https:\/\/wohnmobil-world.de\/?p=472"},"modified":"2018-08-23T11:00:11","modified_gmt":"2018-08-23T11:00:11","slug":"mercedes-benz-concept-sprinter-f-cell-das-reisemobil-der-zukunft-emissionsfrei-und-vernetzt","status":"publish","type":"post","link":"https:\/\/www.wohnmobil-world.de\/index.php\/2018\/08\/23\/mercedes-benz-concept-sprinter-f-cell-das-reisemobil-der-zukunft-emissionsfrei-und-vernetzt\/","title":{"rendered":"Mercedes-Benz &#8222;Concept Sprinter F-CELL&#8220; . Das Reisemobil der Zukunft \u2013 emissionsfrei und vernetzt"},"content":{"rendered":"<p><strong>\u201eConcept Sprinter F-CELL\u201c: Sauber und leise unterwegs dank Brennstoffzelle<\/strong><\/p>\n<p>Der \u201eConcept Sprinter F-CELL\u201c zeigt die Idee des umweltfreundlichen und nachhaltigen Reisemobils als einen zentralen Trend, der das Segment bewegt. Das Konzeptfahrzeug beweist, dass der emissionsfreie Betrieb f\u00fcr Camper dank Brennstoffzellenantrieb m\u00f6glich ist. Es f\u00e4hrt jedoch nicht nur ohne Schadstoffemissionen, sondern auch nahezu ger\u00e4uschlos. Gro\u00dfe Entfernungen stellen kein Problem dar: Dank Reichweiten von bis zu 530\u00a0Kilometern bei etwa 147\u00a0kW (198\u00a0PS) Leistung lassen sich Tr\u00e4ume vom Strandurlaub im S\u00fcden ebenso realisieren wie solche von norwegischen Fjorden.<br \/>\nTechnologietr\u00e4ger mit Plug-in-Hybrid f\u00fcr hohe Reichweiten bei etwa 147\u00a0kW (198\u00a0PS) Leistung<\/p>\n<p><!--more--><br \/>\nMercedes-Benz Vans hat sich bei der Entwicklung des Konzeptfahrzeugs die Synergien des Daimler-Konzerns zu Nutze gemacht und die Technologie des GLC\u00a0F-CELL, der mit einer innovativen Kombination aus <strong>Brennstoffzellen- und batterieelektrischem Antrieb<\/strong> versehen ist, Van-spezifisch adaptiert. Der \u2028GLC\u00a0F-CELL wurde als Vorserienmodell auf der letztj\u00e4hrigen Pkw-IAA vorgestellt.<br \/>\nAus dem<strong> intelligenten Zusammenspiel<\/strong> von Batterie- und Brennstoffzellen-Antrieb ergeben sich im \u201eConcept Sprinter F-CELL\u201c eine maximale Leistung von etwa 147\u00a0kW (198\u00a0PS) und ein Drehmoment von 350\u00a0Newtonmeter. Die drei\u00a0Tanks im Unterbau k\u00f6nnen insgesamt <strong>4,5\u00a0Kilogramm Wasserstoff<\/strong> speichern und sorgen so f\u00fcr eine <strong>Reichweite von rund 300\u00a0Kilometern<\/strong>. Ist f\u00fcr einen definierten Einsatzzweck eine gr\u00f6\u00dfere Reichweite gefragt, lassen sich die im Unterboden des Fahrzeugs integrierten Wasserstofftanks durch einen weiteren im Heckbereich erg\u00e4nzen. In dieser Konfiguration steigt die Reichweite <strong>auf bis zu 500\u00a0Kilometer.<\/strong> Auch der \u201eConcept Sprinter F-CELL\u201c verbindet die innovative Brennstoffzellen- und Batterietechnik zu einem \u2028Plug-in-Hybrid. Neben Wasserstoff kann damit auch <strong>Strom \u201egetankt\u201c<\/strong> werden. Das erh\u00f6ht die Reichweite nochmals um bis zu 30\u00a0Kilometer.<\/p>\n<p><iframe loading=\"lazy\" src=\"https:\/\/www.youtube.com\/embed\/n08oD_b0u2s\" width=\"560\" height=\"315\" frameborder=\"0\" allowfullscreen=\"allowfullscreen\"><\/iframe><\/p>\n<div id=\"attachment_473\" style=\"width: 1034px\" class=\"wp-caption alignnone\"><a href=\"https:\/\/www.wohnmobil-world.de\/wp-content\/uploads\/2018\/08\/18C0631_003.jpg\"><img loading=\"lazy\" decoding=\"async\" aria-describedby=\"caption-attachment-473\" class=\"size-full wp-image-473\" src=\"https:\/\/www.wohnmobil-world.de\/wp-content\/uploads\/2018\/08\/18C0631_003.jpg\" alt=\"\" width=\"1024\" height=\"768\" srcset=\"https:\/\/www.wohnmobil-world.de\/wp-content\/uploads\/2018\/08\/18C0631_003.jpg 1024w, https:\/\/www.wohnmobil-world.de\/wp-content\/uploads\/2018\/08\/18C0631_003-300x225.jpg 300w, https:\/\/www.wohnmobil-world.de\/wp-content\/uploads\/2018\/08\/18C0631_003-768x576.jpg 768w, https:\/\/www.wohnmobil-world.de\/wp-content\/uploads\/2018\/08\/18C0631_003-120x90.jpg 120w\" sizes=\"auto, (max-width: 1024px) 100vw, 1024px\" \/><\/a><p id=\"caption-attachment-473\" class=\"wp-caption-text\">Caravan Salon D\u00fcsseldorf 2018: Mercedes-Benz Concept Sprinter F-CELL \u2013 das emissionsfreie, reichweitenstarke Reisemobil der Zukunft mit Elektroantrieb und Brennstoffzelle<br \/>Caravan Salon Duesseldorf 2018: Mercedes-Benz Concept Sprinter F-CELL \u2013 the emission-free, long-distance camper van of the future with electric drive and fuel cell<\/p><\/div>\n<p>&nbsp;<\/p>\n<p>&nbsp;<\/p>\n<p><strong>Vorteile f\u00fcr den Camping-Alltag auch abseits der Stra\u00dfe<\/strong><\/p>\n<p>Auch abseits der Stra\u00dfe spielt der Brennstoffzellenantrieb seine St\u00e4rken aus. Die Brennstoffzelle kann als<strong> autarke, leistungsstarke Energiequelle f\u00fcr den Wohnbereic<\/strong>h genutzt werden &#8211; beispielsweise f\u00fcr die Inbetriebnahme der Heizung, Klimaanlage oder des K\u00fchlschranks. Das bietet besonders beim Camping in der freien Natur gro\u00dfe Vorteile, da <strong>keine externe Stromquelle ben\u00f6tigt<\/strong> wird und die Brennstoffzelle, anders als ein Verbrennermotor, auch hier emissionsfrei und nahezu lautlos betrieben werden kann.<\/p>\n<div id=\"attachment_475\" style=\"width: 1034px\" class=\"wp-caption alignnone\"><a href=\"https:\/\/www.wohnmobil-world.de\/wp-content\/uploads\/2018\/08\/18C0631_002.jpg\"><img loading=\"lazy\" decoding=\"async\" aria-describedby=\"caption-attachment-475\" class=\"size-full wp-image-475\" src=\"https:\/\/www.wohnmobil-world.de\/wp-content\/uploads\/2018\/08\/18C0631_002.jpg\" alt=\"\" width=\"1024\" height=\"768\" srcset=\"https:\/\/www.wohnmobil-world.de\/wp-content\/uploads\/2018\/08\/18C0631_002.jpg 1024w, https:\/\/www.wohnmobil-world.de\/wp-content\/uploads\/2018\/08\/18C0631_002-300x225.jpg 300w, https:\/\/www.wohnmobil-world.de\/wp-content\/uploads\/2018\/08\/18C0631_002-768x576.jpg 768w, https:\/\/www.wohnmobil-world.de\/wp-content\/uploads\/2018\/08\/18C0631_002-120x90.jpg 120w\" sizes=\"auto, (max-width: 1024px) 100vw, 1024px\" \/><\/a><p id=\"caption-attachment-475\" class=\"wp-caption-text\">Caravan Salon D\u00fcsseldorf 2018: Mercedes-Benz Concept Sprinter F-CELL \u2013 das emissionsfreie, reichweitenstarke Reisemobil der Zukunft mit Elektroantrieb und Brennstoffzelle<br \/>Caravan Salon Duesseldorf 2018: Mercedes-Benz Concept Sprinter F-CELL \u2013 the emission-free, long-distance camper van of the future with electric drive and fuel cell<\/p><\/div>\n<p>&nbsp;<\/p>\n<p><strong>Brennstoffzelle erg\u00e4nzt zuk\u00fcnftig eDrive@VANs Strategie<\/strong><\/p>\n<p>Mit der Brennstoffzelle erg\u00e4nzt Mercedes-Benz Vans k\u00fcnftig seine eDrive@VANs Strategie. Bei der Auswahl des passenden Antriebskonzepts konzentriert sich Mercedes-Benz Vans damit noch st\u00e4rker auf die individuelle Anwendungsebene und macht sie mehr denn je vom Kundennutzen abh\u00e4ngig.<\/p>\n<div id=\"attachment_476\" style=\"width: 1034px\" class=\"wp-caption alignnone\"><a href=\"https:\/\/www.wohnmobil-world.de\/wp-content\/uploads\/2018\/08\/18C0631_113.jpg\"><img loading=\"lazy\" decoding=\"async\" aria-describedby=\"caption-attachment-476\" class=\"size-full wp-image-476\" src=\"https:\/\/www.wohnmobil-world.de\/wp-content\/uploads\/2018\/08\/18C0631_113.jpg\" alt=\"\" width=\"1024\" height=\"683\" srcset=\"https:\/\/www.wohnmobil-world.de\/wp-content\/uploads\/2018\/08\/18C0631_113.jpg 1024w, https:\/\/www.wohnmobil-world.de\/wp-content\/uploads\/2018\/08\/18C0631_113-300x200.jpg 300w, https:\/\/www.wohnmobil-world.de\/wp-content\/uploads\/2018\/08\/18C0631_113-768x512.jpg 768w\" sizes=\"auto, (max-width: 1024px) 100vw, 1024px\" \/><\/a><p id=\"caption-attachment-476\" class=\"wp-caption-text\">Caravan Salon D\u00fcsseldorf 2018: Mercedes-Benz Sprinter Connected Home \u2013 demonstriert in Ausz\u00fcgen die M\u00f6glichkeiten einer zentralen, intelligenten Reisemobil-Bedienung, die Aufbauhersteller ab 2019 auf Basis des neuen Sprinter umsetzen k\u00f6nnen<br \/>Caravan Salon Duesseldorf 2018: Mercedes-Benz Sprinter Connected Home \u2013 demonstrating the possibilities of a centralized, intelligent camper van control unit, which is available to body builders building upon the new Sprinter as of 2019.<\/p><\/div>\n<p>&nbsp;<\/p>\n<p>&nbsp;<\/p>\n<p><strong>Quelle\/Foto\/Video: Mercedes-Benz Presse<\/strong><\/p>\n","protected":false},"excerpt":{"rendered":"<p>\u201eConcept Sprinter F-CELL\u201c: Sauber und leise unterwegs dank Brennstoffzelle Der \u201eConcept Sprinter F-CELL\u201c zeigt die Idee des umweltfreundlichen und nachhaltigen Reisemobils als einen zentralen Trend, der das Segment bewegt. Das Konzeptfahrzeug beweist, dass der emissionsfreie Betrieb f\u00fcr Camper dank Brennstoffzellenantrieb m\u00f6glich ist. Es f\u00e4hrt jedoch nicht nur ohne Schadstoffemissionen, sondern auch nahezu ger\u00e4uschlos. Gro\u00dfe Entfernungen&hellip;<\/p>\n","protected":false},"author":2,"featured_media":474,"comment_status":"open","ping_status":"closed","sticky":false,"template":"","format":"standard","meta":{"_crdt_document":"","_exactmetrics_skip_tracking":false,"_exactmetrics_sitenote_active":false,"_exactmetrics_sitenote_note":"","_exactmetrics_sitenote_category":0,"footnotes":""},"categories":[11,21,20],"tags":[49,52,48,46,50,39,47,51],"class_list":["post-472","post","type-post","status-publish","format-standard","has-post-thumbnail","hentry","category-mercedes-benz","category-messeberichte","category-news","tag-caravan-salon","tag-emissionsfrei","tag-f-cell","tag-mercedes-benz","tag-neuheit","tag-news","tag-sprinter","tag-zukunft"],"yoast_head":"<!-- This site is optimized with the Yoast SEO plugin v27.5 - https:\/\/yoast.com\/product\/yoast-seo-wordpress\/ -->\n<title>Mercedes-Benz &quot;Concept Sprinter F-CELL&quot; . Das Reisemobil der Zukunft \u2013 emissionsfrei und vernetzt - Wohnmobil-world.de<\/title>\n<meta name=\"description\" content=\"Reist mit uns in die gro\u00dfe Welt der beliebtesten Reisemobile in Deutschland, Europa und der Welt. Wir liefern Fahrberichte, Tests und Fakten! Unser Blog: wohnmobil-world.de Facebook: https:\/\/www.facebook.com\/wohnmobilworld Instagram: https:\/\/www.instagram.com\/wohnmobilworld.de\/ Twitter: @wohnmobilD\" \/>\n<meta name=\"robots\" content=\"index, follow, max-snippet:-1, max-image-preview:large, max-video-preview:-1\" \/>\n<link rel=\"canonical\" href=\"https:\/\/www.wohnmobil-world.de\/index.php\/2018\/08\/23\/mercedes-benz-concept-sprinter-f-cell-das-reisemobil-der-zukunft-emissionsfrei-und-vernetzt\/\" \/>\n<meta property=\"og:locale\" content=\"de_DE\" \/>\n<meta property=\"og:type\" content=\"article\" \/>\n<meta property=\"og:title\" content=\"Mercedes-Benz &quot;Concept Sprinter F-CELL&quot; . Das Reisemobil der Zukunft \u2013 emissionsfrei und vernetzt - Wohnmobil-world.de\" \/>\n<meta property=\"og:description\" content=\"Reist mit uns in die gro\u00dfe Welt der beliebtesten Reisemobile in Deutschland, Europa und der Welt. Wir liefern Fahrberichte, Tests und Fakten! Unser Blog: wohnmobil-world.de Facebook: https:\/\/www.facebook.com\/wohnmobilworld Instagram: https:\/\/www.instagram.com\/wohnmobilworld.de\/ Twitter: @wohnmobilD\" \/>\n<meta property=\"og:url\" content=\"https:\/\/www.wohnmobil-world.de\/index.php\/2018\/08\/23\/mercedes-benz-concept-sprinter-f-cell-das-reisemobil-der-zukunft-emissionsfrei-und-vernetzt\/\" \/>\n<meta property=\"og:site_name\" content=\"Wohnmobil-world.de\" \/>\n<meta property=\"article:publisher\" content=\"https:\/\/www.facebook.com\/wohnmobilworld\/\" \/>\n<meta property=\"article:published_time\" content=\"2018-08-23T09:10:29+00:00\" \/>\n<meta property=\"article:modified_time\" content=\"2018-08-23T11:00:11+00:00\" \/>\n<meta property=\"og:image\" content=\"https:\/\/www.wohnmobil-world.de\/wp-content\/uploads\/2018\/08\/18C0631_001.jpg\" \/>\n\t<meta property=\"og:image:width\" content=\"1024\" \/>\n\t<meta property=\"og:image:height\" content=\"768\" \/>\n\t<meta property=\"og:image:type\" content=\"image\/jpeg\" \/>\n<meta name=\"author\" content=\"Thomas Blachetzki\" \/>\n<meta name=\"twitter:card\" content=\"summary_large_image\" \/>\n<meta name=\"twitter:creator\" content=\"@WohnmobilD\" \/>\n<meta name=\"twitter:site\" content=\"@WohnmobilD\" \/>\n<meta name=\"twitter:label1\" content=\"Verfasst von\" \/>\n\t<meta name=\"twitter:data1\" content=\"Thomas Blachetzki\" \/>\n\t<meta name=\"twitter:label2\" content=\"Gesch\u00e4tzte Lesezeit\" \/>\n\t<meta name=\"twitter:data2\" content=\"3\u00a0Minuten\" \/>\n<script type=\"application\/ld+json\" class=\"yoast-schema-graph\">{\"@context\":\"https:\\\/\\\/schema.org\",\"@graph\":[{\"@type\":\"Article\",\"@id\":\"https:\\\/\\\/www.wohnmobil-world.de\\\/index.php\\\/2018\\\/08\\\/23\\\/mercedes-benz-concept-sprinter-f-cell-das-reisemobil-der-zukunft-emissionsfrei-und-vernetzt\\\/#article\",\"isPartOf\":{\"@id\":\"https:\\\/\\\/www.wohnmobil-world.de\\\/index.php\\\/2018\\\/08\\\/23\\\/mercedes-benz-concept-sprinter-f-cell-das-reisemobil-der-zukunft-emissionsfrei-und-vernetzt\\\/\"},\"author\":{\"name\":\"Thomas Blachetzki\",\"@id\":\"https:\\\/\\\/www.wohnmobil-world.de\\\/#\\\/schema\\\/person\\\/4fdb7cae886aa04e07cc7e671de66422\"},\"headline\":\"Mercedes-Benz &#8222;Concept Sprinter F-CELL&#8220; . Das Reisemobil der Zukunft \u2013 emissionsfrei und vernetzt\",\"datePublished\":\"2018-08-23T09:10:29+00:00\",\"dateModified\":\"2018-08-23T11:00:11+00:00\",\"mainEntityOfPage\":{\"@id\":\"https:\\\/\\\/www.wohnmobil-world.de\\\/index.php\\\/2018\\\/08\\\/23\\\/mercedes-benz-concept-sprinter-f-cell-das-reisemobil-der-zukunft-emissionsfrei-und-vernetzt\\\/\"},\"wordCount\":578,\"commentCount\":0,\"publisher\":{\"@id\":\"https:\\\/\\\/www.wohnmobil-world.de\\\/#organization\"},\"image\":{\"@id\":\"https:\\\/\\\/www.wohnmobil-world.de\\\/index.php\\\/2018\\\/08\\\/23\\\/mercedes-benz-concept-sprinter-f-cell-das-reisemobil-der-zukunft-emissionsfrei-und-vernetzt\\\/#primaryimage\"},\"thumbnailUrl\":\"https:\\\/\\\/www.wohnmobil-world.de\\\/wp-content\\\/uploads\\\/2018\\\/08\\\/18C0631_001.jpg\",\"keywords\":[\"Caravan-Salon\",\"emissionsfrei\",\"F-CELL\",\"Mercedes-Benz\",\"Neuheit\",\"News\",\"Sprinter\",\"Zukunft\"],\"articleSection\":[\"Mercedes-Benz\",\"Messeberichte\",\"News\"],\"inLanguage\":\"de\"},{\"@type\":\"WebPage\",\"@id\":\"https:\\\/\\\/www.wohnmobil-world.de\\\/index.php\\\/2018\\\/08\\\/23\\\/mercedes-benz-concept-sprinter-f-cell-das-reisemobil-der-zukunft-emissionsfrei-und-vernetzt\\\/\",\"url\":\"https:\\\/\\\/www.wohnmobil-world.de\\\/index.php\\\/2018\\\/08\\\/23\\\/mercedes-benz-concept-sprinter-f-cell-das-reisemobil-der-zukunft-emissionsfrei-und-vernetzt\\\/\",\"name\":\"Mercedes-Benz \\\"Concept Sprinter F-CELL\\\" . Das Reisemobil der Zukunft \u2013 emissionsfrei und vernetzt - Wohnmobil-world.de\",\"isPartOf\":{\"@id\":\"https:\\\/\\\/www.wohnmobil-world.de\\\/#website\"},\"primaryImageOfPage\":{\"@id\":\"https:\\\/\\\/www.wohnmobil-world.de\\\/index.php\\\/2018\\\/08\\\/23\\\/mercedes-benz-concept-sprinter-f-cell-das-reisemobil-der-zukunft-emissionsfrei-und-vernetzt\\\/#primaryimage\"},\"image\":{\"@id\":\"https:\\\/\\\/www.wohnmobil-world.de\\\/index.php\\\/2018\\\/08\\\/23\\\/mercedes-benz-concept-sprinter-f-cell-das-reisemobil-der-zukunft-emissionsfrei-und-vernetzt\\\/#primaryimage\"},\"thumbnailUrl\":\"https:\\\/\\\/www.wohnmobil-world.de\\\/wp-content\\\/uploads\\\/2018\\\/08\\\/18C0631_001.jpg\",\"datePublished\":\"2018-08-23T09:10:29+00:00\",\"dateModified\":\"2018-08-23T11:00:11+00:00\",\"description\":\"Reist mit uns in die gro\u00dfe Welt der beliebtesten Reisemobile in Deutschland, Europa und der Welt. Wir liefern Fahrberichte, Tests und Fakten! Unser Blog: wohnmobil-world.de Facebook: https:\\\/\\\/www.facebook.com\\\/wohnmobilworld Instagram: https:\\\/\\\/www.instagram.com\\\/wohnmobilworld.de\\\/ Twitter: @wohnmobilD\",\"breadcrumb\":{\"@id\":\"https:\\\/\\\/www.wohnmobil-world.de\\\/index.php\\\/2018\\\/08\\\/23\\\/mercedes-benz-concept-sprinter-f-cell-das-reisemobil-der-zukunft-emissionsfrei-und-vernetzt\\\/#breadcrumb\"},\"inLanguage\":\"de\",\"potentialAction\":[{\"@type\":\"ReadAction\",\"target\":[\"https:\\\/\\\/www.wohnmobil-world.de\\\/index.php\\\/2018\\\/08\\\/23\\\/mercedes-benz-concept-sprinter-f-cell-das-reisemobil-der-zukunft-emissionsfrei-und-vernetzt\\\/\"]}]},{\"@type\":\"ImageObject\",\"inLanguage\":\"de\",\"@id\":\"https:\\\/\\\/www.wohnmobil-world.de\\\/index.php\\\/2018\\\/08\\\/23\\\/mercedes-benz-concept-sprinter-f-cell-das-reisemobil-der-zukunft-emissionsfrei-und-vernetzt\\\/#primaryimage\",\"url\":\"https:\\\/\\\/www.wohnmobil-world.de\\\/wp-content\\\/uploads\\\/2018\\\/08\\\/18C0631_001.jpg\",\"contentUrl\":\"https:\\\/\\\/www.wohnmobil-world.de\\\/wp-content\\\/uploads\\\/2018\\\/08\\\/18C0631_001.jpg\",\"width\":1024,\"height\":768,\"caption\":\"Caravan Salon D\u00fcsseldorf 2018: Mercedes-Benz Concept Sprinter F-CELL \u2013 das emissionsfreie, reichweitenstarke Reisemobil der Zukunft mit Elektroantrieb und Brennstoffzelle Caravan Salon Duesseldorf 2018: Mercedes-Benz Concept Sprinter F-CELL \u2013 the emission-free, long-distance camper van of the future with electric drive and fuel cell\"},{\"@type\":\"BreadcrumbList\",\"@id\":\"https:\\\/\\\/www.wohnmobil-world.de\\\/index.php\\\/2018\\\/08\\\/23\\\/mercedes-benz-concept-sprinter-f-cell-das-reisemobil-der-zukunft-emissionsfrei-und-vernetzt\\\/#breadcrumb\",\"itemListElement\":[{\"@type\":\"ListItem\",\"position\":1,\"name\":\"Startseite\",\"item\":\"https:\\\/\\\/www.wohnmobil-world.de\\\/\"},{\"@type\":\"ListItem\",\"position\":2,\"name\":\"Mercedes-Benz &#8222;Concept Sprinter F-CELL&#8220; . Das Reisemobil der Zukunft \u2013 emissionsfrei und vernetzt\"}]},{\"@type\":\"WebSite\",\"@id\":\"https:\\\/\\\/www.wohnmobil-world.de\\\/#website\",\"url\":\"https:\\\/\\\/www.wohnmobil-world.de\\\/\",\"name\":\"Wohnmobil-world.de\",\"description\":\"Alles \u00fcber Wohnmobile und mehr...\",\"publisher\":{\"@id\":\"https:\\\/\\\/www.wohnmobil-world.de\\\/#organization\"},\"potentialAction\":[{\"@type\":\"SearchAction\",\"target\":{\"@type\":\"EntryPoint\",\"urlTemplate\":\"https:\\\/\\\/www.wohnmobil-world.de\\\/?s={search_term_string}\"},\"query-input\":{\"@type\":\"PropertyValueSpecification\",\"valueRequired\":true,\"valueName\":\"search_term_string\"}}],\"inLanguage\":\"de\"},{\"@type\":\"Organization\",\"@id\":\"https:\\\/\\\/www.wohnmobil-world.de\\\/#organization\",\"name\":\"wohnmobil-world.de\",\"url\":\"https:\\\/\\\/www.wohnmobil-world.de\\\/\",\"logo\":{\"@type\":\"ImageObject\",\"inLanguage\":\"de\",\"@id\":\"https:\\\/\\\/www.wohnmobil-world.de\\\/#\\\/schema\\\/logo\\\/image\\\/\",\"url\":\"https:\\\/\\\/www.wohnmobil-world.de\\\/wp-content\\\/uploads\\\/2018\\\/06\\\/Web_Logo_rund_klein.png\",\"contentUrl\":\"https:\\\/\\\/www.wohnmobil-world.de\\\/wp-content\\\/uploads\\\/2018\\\/06\\\/Web_Logo_rund_klein.png\",\"width\":200,\"height\":150,\"caption\":\"wohnmobil-world.de\"},\"image\":{\"@id\":\"https:\\\/\\\/www.wohnmobil-world.de\\\/#\\\/schema\\\/logo\\\/image\\\/\"},\"sameAs\":[\"https:\\\/\\\/www.facebook.com\\\/wohnmobilworld\\\/\",\"https:\\\/\\\/x.com\\\/WohnmobilD\",\"https:\\\/\\\/www.instagram.com\\\/wohnmobilworld.de\\\/\",\"https:\\\/\\\/www.youtube.com\\\/c\\\/wohnmobilworld\"]},{\"@type\":\"Person\",\"@id\":\"https:\\\/\\\/www.wohnmobil-world.de\\\/#\\\/schema\\\/person\\\/4fdb7cae886aa04e07cc7e671de66422\",\"name\":\"Thomas Blachetzki\",\"image\":{\"@type\":\"ImageObject\",\"inLanguage\":\"de\",\"@id\":\"https:\\\/\\\/secure.gravatar.com\\\/avatar\\\/87be5f7f0519dece30edc90624668e740f9b4a8d7086cdefb2f24adbdb04885e?s=96&d=mm&r=g\",\"url\":\"https:\\\/\\\/secure.gravatar.com\\\/avatar\\\/87be5f7f0519dece30edc90624668e740f9b4a8d7086cdefb2f24adbdb04885e?s=96&d=mm&r=g\",\"contentUrl\":\"https:\\\/\\\/secure.gravatar.com\\\/avatar\\\/87be5f7f0519dece30edc90624668e740f9b4a8d7086cdefb2f24adbdb04885e?s=96&d=mm&r=g\",\"caption\":\"Thomas Blachetzki\"},\"url\":\"https:\\\/\\\/www.wohnmobil-world.de\\\/index.php\\\/author\\\/thomas\\\/\"}]}<\/script>\n<!-- \/ Yoast SEO plugin. -->","yoast_head_json":{"title":"Mercedes-Benz \"Concept Sprinter F-CELL\" . Das Reisemobil der Zukunft \u2013 emissionsfrei und vernetzt - Wohnmobil-world.de","description":"Reist mit uns in die gro\u00dfe Welt der beliebtesten Reisemobile in Deutschland, Europa und der Welt. Wir liefern Fahrberichte, Tests und Fakten! Unser Blog: wohnmobil-world.de Facebook: https:\/\/www.facebook.com\/wohnmobilworld Instagram: https:\/\/www.instagram.com\/wohnmobilworld.de\/ Twitter: @wohnmobilD","robots":{"index":"index","follow":"follow","max-snippet":"max-snippet:-1","max-image-preview":"max-image-preview:large","max-video-preview":"max-video-preview:-1"},"canonical":"https:\/\/www.wohnmobil-world.de\/index.php\/2018\/08\/23\/mercedes-benz-concept-sprinter-f-cell-das-reisemobil-der-zukunft-emissionsfrei-und-vernetzt\/","og_locale":"de_DE","og_type":"article","og_title":"Mercedes-Benz \"Concept Sprinter F-CELL\" . Das Reisemobil der Zukunft \u2013 emissionsfrei und vernetzt - Wohnmobil-world.de","og_description":"Reist mit uns in die gro\u00dfe Welt der beliebtesten Reisemobile in Deutschland, Europa und der Welt. Wir liefern Fahrberichte, Tests und Fakten! Unser Blog: wohnmobil-world.de Facebook: https:\/\/www.facebook.com\/wohnmobilworld Instagram: https:\/\/www.instagram.com\/wohnmobilworld.de\/ Twitter: @wohnmobilD","og_url":"https:\/\/www.wohnmobil-world.de\/index.php\/2018\/08\/23\/mercedes-benz-concept-sprinter-f-cell-das-reisemobil-der-zukunft-emissionsfrei-und-vernetzt\/","og_site_name":"Wohnmobil-world.de","article_publisher":"https:\/\/www.facebook.com\/wohnmobilworld\/","article_published_time":"2018-08-23T09:10:29+00:00","article_modified_time":"2018-08-23T11:00:11+00:00","og_image":[{"width":1024,"height":768,"url":"https:\/\/www.wohnmobil-world.de\/wp-content\/uploads\/2018\/08\/18C0631_001.jpg","type":"image\/jpeg"}],"author":"Thomas Blachetzki","twitter_card":"summary_large_image","twitter_creator":"@WohnmobilD","twitter_site":"@WohnmobilD","twitter_misc":{"Verfasst von":"Thomas Blachetzki","Gesch\u00e4tzte Lesezeit":"3\u00a0Minuten"},"schema":{"@context":"https:\/\/schema.org","@graph":[{"@type":"Article","@id":"https:\/\/www.wohnmobil-world.de\/index.php\/2018\/08\/23\/mercedes-benz-concept-sprinter-f-cell-das-reisemobil-der-zukunft-emissionsfrei-und-vernetzt\/#article","isPartOf":{"@id":"https:\/\/www.wohnmobil-world.de\/index.php\/2018\/08\/23\/mercedes-benz-concept-sprinter-f-cell-das-reisemobil-der-zukunft-emissionsfrei-und-vernetzt\/"},"author":{"name":"Thomas Blachetzki","@id":"https:\/\/www.wohnmobil-world.de\/#\/schema\/person\/4fdb7cae886aa04e07cc7e671de66422"},"headline":"Mercedes-Benz &#8222;Concept Sprinter F-CELL&#8220; . Das Reisemobil der Zukunft \u2013 emissionsfrei und vernetzt","datePublished":"2018-08-23T09:10:29+00:00","dateModified":"2018-08-23T11:00:11+00:00","mainEntityOfPage":{"@id":"https:\/\/www.wohnmobil-world.de\/index.php\/2018\/08\/23\/mercedes-benz-concept-sprinter-f-cell-das-reisemobil-der-zukunft-emissionsfrei-und-vernetzt\/"},"wordCount":578,"commentCount":0,"publisher":{"@id":"https:\/\/www.wohnmobil-world.de\/#organization"},"image":{"@id":"https:\/\/www.wohnmobil-world.de\/index.php\/2018\/08\/23\/mercedes-benz-concept-sprinter-f-cell-das-reisemobil-der-zukunft-emissionsfrei-und-vernetzt\/#primaryimage"},"thumbnailUrl":"https:\/\/www.wohnmobil-world.de\/wp-content\/uploads\/2018\/08\/18C0631_001.jpg","keywords":["Caravan-Salon","emissionsfrei","F-CELL","Mercedes-Benz","Neuheit","News","Sprinter","Zukunft"],"articleSection":["Mercedes-Benz","Messeberichte","News"],"inLanguage":"de"},{"@type":"WebPage","@id":"https:\/\/www.wohnmobil-world.de\/index.php\/2018\/08\/23\/mercedes-benz-concept-sprinter-f-cell-das-reisemobil-der-zukunft-emissionsfrei-und-vernetzt\/","url":"https:\/\/www.wohnmobil-world.de\/index.php\/2018\/08\/23\/mercedes-benz-concept-sprinter-f-cell-das-reisemobil-der-zukunft-emissionsfrei-und-vernetzt\/","name":"Mercedes-Benz \"Concept Sprinter F-CELL\" . Das Reisemobil der Zukunft \u2013 emissionsfrei und vernetzt - Wohnmobil-world.de","isPartOf":{"@id":"https:\/\/www.wohnmobil-world.de\/#website"},"primaryImageOfPage":{"@id":"https:\/\/www.wohnmobil-world.de\/index.php\/2018\/08\/23\/mercedes-benz-concept-sprinter-f-cell-das-reisemobil-der-zukunft-emissionsfrei-und-vernetzt\/#primaryimage"},"image":{"@id":"https:\/\/www.wohnmobil-world.de\/index.php\/2018\/08\/23\/mercedes-benz-concept-sprinter-f-cell-das-reisemobil-der-zukunft-emissionsfrei-und-vernetzt\/#primaryimage"},"thumbnailUrl":"https:\/\/www.wohnmobil-world.de\/wp-content\/uploads\/2018\/08\/18C0631_001.jpg","datePublished":"2018-08-23T09:10:29+00:00","dateModified":"2018-08-23T11:00:11+00:00","description":"Reist mit uns in die gro\u00dfe Welt der beliebtesten Reisemobile in Deutschland, Europa und der Welt. Wir liefern Fahrberichte, Tests und Fakten! Unser Blog: wohnmobil-world.de Facebook: https:\/\/www.facebook.com\/wohnmobilworld Instagram: https:\/\/www.instagram.com\/wohnmobilworld.de\/ Twitter: @wohnmobilD","breadcrumb":{"@id":"https:\/\/www.wohnmobil-world.de\/index.php\/2018\/08\/23\/mercedes-benz-concept-sprinter-f-cell-das-reisemobil-der-zukunft-emissionsfrei-und-vernetzt\/#breadcrumb"},"inLanguage":"de","potentialAction":[{"@type":"ReadAction","target":["https:\/\/www.wohnmobil-world.de\/index.php\/2018\/08\/23\/mercedes-benz-concept-sprinter-f-cell-das-reisemobil-der-zukunft-emissionsfrei-und-vernetzt\/"]}]},{"@type":"ImageObject","inLanguage":"de","@id":"https:\/\/www.wohnmobil-world.de\/index.php\/2018\/08\/23\/mercedes-benz-concept-sprinter-f-cell-das-reisemobil-der-zukunft-emissionsfrei-und-vernetzt\/#primaryimage","url":"https:\/\/www.wohnmobil-world.de\/wp-content\/uploads\/2018\/08\/18C0631_001.jpg","contentUrl":"https:\/\/www.wohnmobil-world.de\/wp-content\/uploads\/2018\/08\/18C0631_001.jpg","width":1024,"height":768,"caption":"Caravan Salon D\u00fcsseldorf 2018: Mercedes-Benz Concept Sprinter F-CELL \u2013 das emissionsfreie, reichweitenstarke Reisemobil der Zukunft mit Elektroantrieb und Brennstoffzelle Caravan Salon Duesseldorf 2018: Mercedes-Benz Concept Sprinter F-CELL \u2013 the emission-free, long-distance camper van of the future with electric drive and fuel cell"},{"@type":"BreadcrumbList","@id":"https:\/\/www.wohnmobil-world.de\/index.php\/2018\/08\/23\/mercedes-benz-concept-sprinter-f-cell-das-reisemobil-der-zukunft-emissionsfrei-und-vernetzt\/#breadcrumb","itemListElement":[{"@type":"ListItem","position":1,"name":"Startseite","item":"https:\/\/www.wohnmobil-world.de\/"},{"@type":"ListItem","position":2,"name":"Mercedes-Benz &#8222;Concept Sprinter F-CELL&#8220; . Das Reisemobil der Zukunft \u2013 emissionsfrei und vernetzt"}]},{"@type":"WebSite","@id":"https:\/\/www.wohnmobil-world.de\/#website","url":"https:\/\/www.wohnmobil-world.de\/","name":"Wohnmobil-world.de","description":"Alles \u00fcber Wohnmobile und mehr...","publisher":{"@id":"https:\/\/www.wohnmobil-world.de\/#organization"},"potentialAction":[{"@type":"SearchAction","target":{"@type":"EntryPoint","urlTemplate":"https:\/\/www.wohnmobil-world.de\/?s={search_term_string}"},"query-input":{"@type":"PropertyValueSpecification","valueRequired":true,"valueName":"search_term_string"}}],"inLanguage":"de"},{"@type":"Organization","@id":"https:\/\/www.wohnmobil-world.de\/#organization","name":"wohnmobil-world.de","url":"https:\/\/www.wohnmobil-world.de\/","logo":{"@type":"ImageObject","inLanguage":"de","@id":"https:\/\/www.wohnmobil-world.de\/#\/schema\/logo\/image\/","url":"https:\/\/www.wohnmobil-world.de\/wp-content\/uploads\/2018\/06\/Web_Logo_rund_klein.png","contentUrl":"https:\/\/www.wohnmobil-world.de\/wp-content\/uploads\/2018\/06\/Web_Logo_rund_klein.png","width":200,"height":150,"caption":"wohnmobil-world.de"},"image":{"@id":"https:\/\/www.wohnmobil-world.de\/#\/schema\/logo\/image\/"},"sameAs":["https:\/\/www.facebook.com\/wohnmobilworld\/","https:\/\/x.com\/WohnmobilD","https:\/\/www.instagram.com\/wohnmobilworld.de\/","https:\/\/www.youtube.com\/c\/wohnmobilworld"]},{"@type":"Person","@id":"https:\/\/www.wohnmobil-world.de\/#\/schema\/person\/4fdb7cae886aa04e07cc7e671de66422","name":"Thomas Blachetzki","image":{"@type":"ImageObject","inLanguage":"de","@id":"https:\/\/secure.gravatar.com\/avatar\/87be5f7f0519dece30edc90624668e740f9b4a8d7086cdefb2f24adbdb04885e?s=96&d=mm&r=g","url":"https:\/\/secure.gravatar.com\/avatar\/87be5f7f0519dece30edc90624668e740f9b4a8d7086cdefb2f24adbdb04885e?s=96&d=mm&r=g","contentUrl":"https:\/\/secure.gravatar.com\/avatar\/87be5f7f0519dece30edc90624668e740f9b4a8d7086cdefb2f24adbdb04885e?s=96&d=mm&r=g","caption":"Thomas Blachetzki"},"url":"https:\/\/www.wohnmobil-world.de\/index.php\/author\/thomas\/"}]}},"_links":{"self":[{"href":"https:\/\/www.wohnmobil-world.de\/index.php\/wp-json\/wp\/v2\/posts\/472","targetHints":{"allow":["GET"]}}],"collection":[{"href":"https:\/\/www.wohnmobil-world.de\/index.php\/wp-json\/wp\/v2\/posts"}],"about":[{"href":"https:\/\/www.wohnmobil-world.de\/index.php\/wp-json\/wp\/v2\/types\/post"}],"author":[{"embeddable":true,"href":"https:\/\/www.wohnmobil-world.de\/index.php\/wp-json\/wp\/v2\/users\/2"}],"replies":[{"embeddable":true,"href":"https:\/\/www.wohnmobil-world.de\/index.php\/wp-json\/wp\/v2\/comments?post=472"}],"version-history":[{"count":7,"href":"https:\/\/www.wohnmobil-world.de\/index.php\/wp-json\/wp\/v2\/posts\/472\/revisions"}],"predecessor-version":[{"id":483,"href":"https:\/\/www.wohnmobil-world.de\/index.php\/wp-json\/wp\/v2\/posts\/472\/revisions\/483"}],"wp:featuredmedia":[{"embeddable":true,"href":"https:\/\/www.wohnmobil-world.de\/index.php\/wp-json\/wp\/v2\/media\/474"}],"wp:attachment":[{"href":"https:\/\/www.wohnmobil-world.de\/index.php\/wp-json\/wp\/v2\/media?parent=472"}],"wp:term":[{"taxonomy":"category","embeddable":true,"href":"https:\/\/www.wohnmobil-world.de\/index.php\/wp-json\/wp\/v2\/categories?post=472"},{"taxonomy":"post_tag","embeddable":true,"href":"https:\/\/www.wohnmobil-world.de\/index.php\/wp-json\/wp\/v2\/tags?post=472"}],"curies":[{"name":"wp","href":"https:\/\/api.w.org\/{rel}","templated":true}]}}