{"id":1455,"date":"2021-12-23T12:16:11","date_gmt":"2021-12-23T12:16:11","guid":{"rendered":"https:\/\/wohnmobil-world.de\/?p=1455"},"modified":"2024-04-22T12:57:58","modified_gmt":"2024-04-22T12:57:58","slug":"der-neue-lmc-innovan-640-der-erste-campervan-von-lmc","status":"publish","type":"post","link":"https:\/\/www.wohnmobil-world.de\/index.php\/2021\/12\/23\/der-neue-lmc-innovan-640-der-erste-campervan-von-lmc\/","title":{"rendered":"Der neue LMC Innovan 640 &#8211; Der erste Campervan von LMC"},"content":{"rendered":"<p><span dir=\"ltr\" role=\"presentation\"> An &#8222;Camping-Einsteiger&#8220; richtet sich das neue Einstiegsmodell &#8222;Innovan&#8220; von LMC. Das kompakteste Fahrzeug <\/span><span dir=\"ltr\" role=\"presentation\">der Produktpalette paart Dynamik mit sportlichem <\/span><span dir=\"ltr\" role=\"presentation\">Design, bleibt aber doch auch ganz klassisch. Dabei ist es preislich sehr attraktiv. Der Innovan ist in drei Grundrissvarianten <\/span><span dir=\"ltr\" role=\"presentation\">erh\u00e4ltlich, als 540er, als 600er und als 640er. Er bietet zwei bis f\u00fcnf Schlafpl\u00e4tze im <\/span><span dir=\"ltr\" role=\"presentation\">Doppelbett, Einzelbett oder Aufstelldach. Bis zu vier <\/span><span dir=\"ltr\" role=\"presentation\">Personen k\u00f6nnen mitfahren. Neuerdings kann man alternativ sogar den Ford Nugget als Basisfahrzeug w\u00e4hlen. In diesem Bericht wollen wir einen ersten \u00dcberblick liefern.<\/span><!--more--><\/p>\n<p>&nbsp;<\/p>\n<p><span dir=\"ltr\" role=\"presentation\">Bei den Basis-Fahrzeugen finden sich neben der\u00a0 Fiat Ducato-Variante nun auch Modelle auf Basis des bew\u00e4hrten Ford Nugget. Die Auswahl ist also gro\u00df. Und durch viele sinnvolle Optionen k\u00f6nnen alle Modelle zudem auch noch stark individualisiert werden.<\/span><\/p>\n<p><iframe loading=\"lazy\" title=\"YouTube video player\" src=\"https:\/\/www.youtube.com\/embed\/Ule37TQStfk\" width=\"560\" height=\"315\" frameborder=\"0\" allowfullscreen=\"allowfullscreen\"><\/iframe><\/p>\n<p>&nbsp;<\/p>\n<p><span dir=\"ltr\" role=\"presentation\">F\u00fcr die sportliche Optik verbaut LMC flache Rahmenfenster. Das sieht sehr schick aus!<\/span><\/p>\n<p>&nbsp;<\/p>\n<p><a href=\"https:\/\/www.wohnmobil-world.de\/wp-content\/uploads\/2021\/12\/Bildschirmfoto-2022-03-22-um-12.42.26.jpg\"><img loading=\"lazy\" decoding=\"async\" class=\"alignnone size-medium wp-image-1471\" src=\"https:\/\/www.wohnmobil-world.de\/wp-content\/uploads\/2021\/12\/Bildschirmfoto-2022-03-22-um-12.42.26-300x150.jpg\" alt=\"\" width=\"300\" height=\"150\" srcset=\"https:\/\/www.wohnmobil-world.de\/wp-content\/uploads\/2021\/12\/Bildschirmfoto-2022-03-22-um-12.42.26-300x150.jpg 300w, https:\/\/www.wohnmobil-world.de\/wp-content\/uploads\/2021\/12\/Bildschirmfoto-2022-03-22-um-12.42.26-768x384.jpg 768w, https:\/\/www.wohnmobil-world.de\/wp-content\/uploads\/2021\/12\/Bildschirmfoto-2022-03-22-um-12.42.26.jpg 1000w\" sizes=\"auto, (max-width: 300px) 100vw, 300px\" \/><\/a><a href=\"https:\/\/www.wohnmobil-world.de\/wp-content\/uploads\/2021\/12\/IMG_8913.jpg\"><img loading=\"lazy\" decoding=\"async\" class=\"alignnone size-medium wp-image-1479\" src=\"https:\/\/www.wohnmobil-world.de\/wp-content\/uploads\/2021\/12\/IMG_8913-300x225.jpg\" alt=\"\" width=\"300\" height=\"225\" srcset=\"https:\/\/www.wohnmobil-world.de\/wp-content\/uploads\/2021\/12\/IMG_8913-300x225.jpg 300w, https:\/\/www.wohnmobil-world.de\/wp-content\/uploads\/2021\/12\/IMG_8913-768x576.jpg 768w, https:\/\/www.wohnmobil-world.de\/wp-content\/uploads\/2021\/12\/IMG_8913-120x90.jpg 120w, https:\/\/www.wohnmobil-world.de\/wp-content\/uploads\/2021\/12\/IMG_8913.jpg 1000w\" sizes=\"auto, (max-width: 300px) 100vw, 300px\" \/><\/a><a href=\"https:\/\/www.wohnmobil-world.de\/wp-content\/uploads\/2021\/12\/Bildschirmfoto-2022-03-22-um-12.43.17.jpg\"><img loading=\"lazy\" decoding=\"async\" class=\"alignnone size-medium wp-image-1470\" src=\"https:\/\/www.wohnmobil-world.de\/wp-content\/uploads\/2021\/12\/Bildschirmfoto-2022-03-22-um-12.43.17-300x150.jpg\" alt=\"\" width=\"300\" height=\"150\" srcset=\"https:\/\/www.wohnmobil-world.de\/wp-content\/uploads\/2021\/12\/Bildschirmfoto-2022-03-22-um-12.43.17-300x150.jpg 300w, https:\/\/www.wohnmobil-world.de\/wp-content\/uploads\/2021\/12\/Bildschirmfoto-2022-03-22-um-12.43.17-768x385.jpg 768w, https:\/\/www.wohnmobil-world.de\/wp-content\/uploads\/2021\/12\/Bildschirmfoto-2022-03-22-um-12.43.17.jpg 1000w\" sizes=\"auto, (max-width: 300px) 100vw, 300px\" \/><\/a><\/p>\n<p>&nbsp;<\/p>\n<p><span dir=\"ltr\" role=\"presentation\">Die beiden &#8222;k\u00fcrzeren&#8220; Modelle (Innovan 540 und Innovan 600) haben ein <strong>Querbett<\/strong> im Heck, die l\u00e4ngste Ausbauvariante (Innovan 640) wird von LMC mit <strong>Einzelbetten<\/strong> ausgeliefert. <\/span><\/p>\n<p>&nbsp;<\/p>\n<p><span dir=\"ltr\" role=\"presentation\"><a href=\"https:\/\/www.wohnmobil-world.de\/wp-content\/uploads\/2021\/12\/IMG_8915.jpg\"><img loading=\"lazy\" decoding=\"async\" class=\"alignnone size-medium wp-image-1477\" src=\"https:\/\/www.wohnmobil-world.de\/wp-content\/uploads\/2021\/12\/IMG_8915-300x225.jpg\" alt=\"\" width=\"300\" height=\"225\" srcset=\"https:\/\/www.wohnmobil-world.de\/wp-content\/uploads\/2021\/12\/IMG_8915-300x225.jpg 300w, https:\/\/www.wohnmobil-world.de\/wp-content\/uploads\/2021\/12\/IMG_8915-768x576.jpg 768w, https:\/\/www.wohnmobil-world.de\/wp-content\/uploads\/2021\/12\/IMG_8915-120x90.jpg 120w, https:\/\/www.wohnmobil-world.de\/wp-content\/uploads\/2021\/12\/IMG_8915.jpg 1000w\" sizes=\"auto, (max-width: 300px) 100vw, 300px\" \/><\/a> <a href=\"https:\/\/www.wohnmobil-world.de\/wp-content\/uploads\/2021\/12\/IMG_8917.jpg\"><img loading=\"lazy\" decoding=\"async\" class=\"alignnone size-medium wp-image-1475\" src=\"https:\/\/www.wohnmobil-world.de\/wp-content\/uploads\/2021\/12\/IMG_8917-300x225.jpg\" alt=\"\" width=\"300\" height=\"225\" srcset=\"https:\/\/www.wohnmobil-world.de\/wp-content\/uploads\/2021\/12\/IMG_8917-300x225.jpg 300w, https:\/\/www.wohnmobil-world.de\/wp-content\/uploads\/2021\/12\/IMG_8917-768x576.jpg 768w, https:\/\/www.wohnmobil-world.de\/wp-content\/uploads\/2021\/12\/IMG_8917-120x90.jpg 120w, https:\/\/www.wohnmobil-world.de\/wp-content\/uploads\/2021\/12\/IMG_8917.jpg 1000w\" sizes=\"auto, (max-width: 300px) 100vw, 300px\" \/><\/a> <a href=\"https:\/\/www.wohnmobil-world.de\/wp-content\/uploads\/2021\/12\/IMG_8908.jpg\"><img loading=\"lazy\" decoding=\"async\" class=\"alignnone size-medium wp-image-1483\" src=\"https:\/\/www.wohnmobil-world.de\/wp-content\/uploads\/2021\/12\/IMG_8908-300x225.jpg\" alt=\"\" width=\"300\" height=\"225\" srcset=\"https:\/\/www.wohnmobil-world.de\/wp-content\/uploads\/2021\/12\/IMG_8908-300x225.jpg 300w, https:\/\/www.wohnmobil-world.de\/wp-content\/uploads\/2021\/12\/IMG_8908-768x576.jpg 768w, https:\/\/www.wohnmobil-world.de\/wp-content\/uploads\/2021\/12\/IMG_8908-120x90.jpg 120w, https:\/\/www.wohnmobil-world.de\/wp-content\/uploads\/2021\/12\/IMG_8908.jpg 1000w\" sizes=\"auto, (max-width: 300px) 100vw, 300px\" \/><\/a> <a href=\"https:\/\/www.wohnmobil-world.de\/wp-content\/uploads\/2021\/12\/IMG_8916.jpg\"><img loading=\"lazy\" decoding=\"async\" class=\"alignnone size-medium wp-image-1476\" src=\"https:\/\/www.wohnmobil-world.de\/wp-content\/uploads\/2021\/12\/IMG_8916-300x225.jpg\" alt=\"\" width=\"300\" height=\"225\" srcset=\"https:\/\/www.wohnmobil-world.de\/wp-content\/uploads\/2021\/12\/IMG_8916-300x225.jpg 300w, https:\/\/www.wohnmobil-world.de\/wp-content\/uploads\/2021\/12\/IMG_8916-768x576.jpg 768w, https:\/\/www.wohnmobil-world.de\/wp-content\/uploads\/2021\/12\/IMG_8916-120x90.jpg 120w, https:\/\/www.wohnmobil-world.de\/wp-content\/uploads\/2021\/12\/IMG_8916.jpg 1000w\" sizes=\"auto, (max-width: 300px) 100vw, 300px\" \/><\/a><\/span><\/p>\n<p>&nbsp;<\/p>\n<p><span dir=\"ltr\" role=\"presentation\">Bei den <strong>Grundrissen<\/strong> ist man den klassischen Weg gegangen: <strong>L\u00e4ngsk\u00fcche<\/strong>, die bis in die Schiebet\u00fcr hineinragt, dem gegen\u00fcber ein <strong>kompaktes Bad<\/strong> mit Eckwaschbecken. Die Sitzgruppe bietet, zusammen mit den umgedrehten Pilotensitzen, Platz f\u00fcr 4 Personen. Beim Design des Innovans hat man zum Gl\u00fcck den hellen und modernen Weg eingeschlagen und auch die M\u00f6bel sind schlicht, aber durchaus modern gehalten. Wei\u00df und Grau, gepaart mit Akzenten in &#8222;Holz&#8220;, sind die Farben, mit denen LMC die Innovans ausr\u00fcstet. <\/span><\/p>\n<p>&nbsp;<\/p>\n<p><a href=\"https:\/\/www.wohnmobil-world.de\/wp-content\/uploads\/2021\/12\/IMG_8909.jpg\"><img loading=\"lazy\" decoding=\"async\" class=\"alignnone size-medium wp-image-1482\" src=\"https:\/\/www.wohnmobil-world.de\/wp-content\/uploads\/2021\/12\/IMG_8909-300x225.jpg\" alt=\"\" width=\"300\" height=\"225\" srcset=\"https:\/\/www.wohnmobil-world.de\/wp-content\/uploads\/2021\/12\/IMG_8909-300x225.jpg 300w, https:\/\/www.wohnmobil-world.de\/wp-content\/uploads\/2021\/12\/IMG_8909-768x576.jpg 768w, https:\/\/www.wohnmobil-world.de\/wp-content\/uploads\/2021\/12\/IMG_8909-120x90.jpg 120w, https:\/\/www.wohnmobil-world.de\/wp-content\/uploads\/2021\/12\/IMG_8909.jpg 1000w\" sizes=\"auto, (max-width: 300px) 100vw, 300px\" \/><\/a> <a href=\"https:\/\/www.wohnmobil-world.de\/wp-content\/uploads\/2021\/12\/IMG_8905.jpg\"><img loading=\"lazy\" decoding=\"async\" class=\"alignnone size-medium wp-image-1485\" src=\"https:\/\/www.wohnmobil-world.de\/wp-content\/uploads\/2021\/12\/IMG_8905-300x225.jpg\" alt=\"\" width=\"300\" height=\"225\" srcset=\"https:\/\/www.wohnmobil-world.de\/wp-content\/uploads\/2021\/12\/IMG_8905-300x225.jpg 300w, https:\/\/www.wohnmobil-world.de\/wp-content\/uploads\/2021\/12\/IMG_8905-768x576.jpg 768w, https:\/\/www.wohnmobil-world.de\/wp-content\/uploads\/2021\/12\/IMG_8905-120x90.jpg 120w, https:\/\/www.wohnmobil-world.de\/wp-content\/uploads\/2021\/12\/IMG_8905.jpg 1000w\" sizes=\"auto, (max-width: 300px) 100vw, 300px\" \/><\/a> <a href=\"https:\/\/www.wohnmobil-world.de\/wp-content\/uploads\/2021\/12\/IMG_8910.jpg\"><img loading=\"lazy\" decoding=\"async\" class=\"alignnone size-medium wp-image-1481\" src=\"https:\/\/www.wohnmobil-world.de\/wp-content\/uploads\/2021\/12\/IMG_8910-300x225.jpg\" alt=\"\" width=\"300\" height=\"225\" srcset=\"https:\/\/www.wohnmobil-world.de\/wp-content\/uploads\/2021\/12\/IMG_8910-300x225.jpg 300w, https:\/\/www.wohnmobil-world.de\/wp-content\/uploads\/2021\/12\/IMG_8910-768x576.jpg 768w, https:\/\/www.wohnmobil-world.de\/wp-content\/uploads\/2021\/12\/IMG_8910-120x90.jpg 120w, https:\/\/www.wohnmobil-world.de\/wp-content\/uploads\/2021\/12\/IMG_8910.jpg 1000w\" sizes=\"auto, (max-width: 300px) 100vw, 300px\" \/><\/a> <a href=\"https:\/\/www.wohnmobil-world.de\/wp-content\/uploads\/2021\/12\/IMG_8907-Kopie.jpg\"><img loading=\"lazy\" decoding=\"async\" class=\"alignnone size-medium wp-image-1473\" src=\"https:\/\/www.wohnmobil-world.de\/wp-content\/uploads\/2021\/12\/IMG_8907-Kopie-300x225.jpg\" alt=\"\" width=\"300\" height=\"225\" srcset=\"https:\/\/www.wohnmobil-world.de\/wp-content\/uploads\/2021\/12\/IMG_8907-Kopie-300x225.jpg 300w, https:\/\/www.wohnmobil-world.de\/wp-content\/uploads\/2021\/12\/IMG_8907-Kopie-768x576.jpg 768w, https:\/\/www.wohnmobil-world.de\/wp-content\/uploads\/2021\/12\/IMG_8907-Kopie-120x90.jpg 120w, https:\/\/www.wohnmobil-world.de\/wp-content\/uploads\/2021\/12\/IMG_8907-Kopie.jpg 1000w\" sizes=\"auto, (max-width: 300px) 100vw, 300px\" \/><\/a><\/p>\n<p>&nbsp;<\/p>\n<p><span dir=\"ltr\" role=\"presentation\">Im <strong>Bad<\/strong> gibt es dunkles Anthrazit zu sehen. Es bietet eine Drehtoilette, Oberschr\u00e4nke mit Stauraum und au\u00dferdem ein Eckwaschbecken mit einer Ablage. Sch\u00f6n Platzsparend! Den Platz darunter nutzt der Hersteller wiederum f\u00fcr einen h\u00fcfthohen <strong>Kleiderschrank<\/strong>, der gegen\u00fcber der K\u00fcche zug\u00e4nglich ist.Dieser ist sogar beleuchtet.<br \/>\n<\/span><\/p>\n<p><span dir=\"ltr\" role=\"presentation\">Die <strong>K\u00fcchenzeile<\/strong> verbindet Wohnraum und Schlafgemach und l\u00e4asst zum Gl\u00fcck die Sichtachse offen.Das ergibt ein &#8222;luftiges&#8220; Raumgef\u00fchl.<br \/>\n<\/span><\/p>\n<p><span dir=\"ltr\" role=\"presentation\">Gut zug\u00e4nglich ist der im Eingangsbereich von beiden Seiten zu \u00f6ffnende K\u00fchlschrank mit 70 Liter Fassungsverm\u00f6gen. In der K\u00fcche findet der &#8222;Neucamper&#8220; dann einen Gaskocher mit zwei Flammen, sowie ein Sp\u00fclbecken. Pfiffig: F\u00fcr Topflappen und Sp\u00fclt\u00fccher ist die K\u00fcchenr\u00fcckwand mit Haken versehen, die in einer Schiene laufen und verschiebbar sind.<\/span><\/p>\n<p>&nbsp;<\/p>\n<p><a href=\"https:\/\/www.wohnmobil-world.de\/wp-content\/uploads\/2021\/12\/IMG_8914.jpg\"><img loading=\"lazy\" decoding=\"async\" class=\"alignnone size-medium wp-image-1478\" src=\"https:\/\/www.wohnmobil-world.de\/wp-content\/uploads\/2021\/12\/IMG_8914-300x225.jpg\" alt=\"\" width=\"300\" height=\"225\" srcset=\"https:\/\/www.wohnmobil-world.de\/wp-content\/uploads\/2021\/12\/IMG_8914-300x225.jpg 300w, https:\/\/www.wohnmobil-world.de\/wp-content\/uploads\/2021\/12\/IMG_8914-768x576.jpg 768w, https:\/\/www.wohnmobil-world.de\/wp-content\/uploads\/2021\/12\/IMG_8914-120x90.jpg 120w, https:\/\/www.wohnmobil-world.de\/wp-content\/uploads\/2021\/12\/IMG_8914.jpg 1000w\" sizes=\"auto, (max-width: 300px) 100vw, 300px\" \/><\/a> <a href=\"https:\/\/www.wohnmobil-world.de\/wp-content\/uploads\/2021\/12\/IMG_8918.jpg\"><img loading=\"lazy\" decoding=\"async\" class=\"alignnone size-medium wp-image-1474\" src=\"https:\/\/www.wohnmobil-world.de\/wp-content\/uploads\/2021\/12\/IMG_8918-300x225.jpg\" alt=\"\" width=\"300\" height=\"225\" srcset=\"https:\/\/www.wohnmobil-world.de\/wp-content\/uploads\/2021\/12\/IMG_8918-300x225.jpg 300w, https:\/\/www.wohnmobil-world.de\/wp-content\/uploads\/2021\/12\/IMG_8918-768x576.jpg 768w, https:\/\/www.wohnmobil-world.de\/wp-content\/uploads\/2021\/12\/IMG_8918-120x90.jpg 120w, https:\/\/www.wohnmobil-world.de\/wp-content\/uploads\/2021\/12\/IMG_8918.jpg 1000w\" sizes=\"auto, (max-width: 300px) 100vw, 300px\" \/><\/a> <a href=\"https:\/\/www.wohnmobil-world.de\/wp-content\/uploads\/2021\/12\/IMG_8797.jpg\"><img loading=\"lazy\" decoding=\"async\" class=\"alignnone size-medium wp-image-1469\" src=\"https:\/\/www.wohnmobil-world.de\/wp-content\/uploads\/2021\/12\/IMG_8797-300x225.jpg\" alt=\"\" width=\"300\" height=\"225\" srcset=\"https:\/\/www.wohnmobil-world.de\/wp-content\/uploads\/2021\/12\/IMG_8797-300x225.jpg 300w, https:\/\/www.wohnmobil-world.de\/wp-content\/uploads\/2021\/12\/IMG_8797-768x576.jpg 768w, https:\/\/www.wohnmobil-world.de\/wp-content\/uploads\/2021\/12\/IMG_8797-120x90.jpg 120w, https:\/\/www.wohnmobil-world.de\/wp-content\/uploads\/2021\/12\/IMG_8797.jpg 1000w\" sizes=\"auto, (max-width: 300px) 100vw, 300px\" \/><\/a> <a href=\"https:\/\/www.wohnmobil-world.de\/wp-content\/uploads\/2021\/12\/IMG_8909.jpg\"><img loading=\"lazy\" decoding=\"async\" class=\"alignnone size-medium wp-image-1482\" src=\"https:\/\/www.wohnmobil-world.de\/wp-content\/uploads\/2021\/12\/IMG_8909-300x225.jpg\" alt=\"\" width=\"300\" height=\"225\" srcset=\"https:\/\/www.wohnmobil-world.de\/wp-content\/uploads\/2021\/12\/IMG_8909-300x225.jpg 300w, https:\/\/www.wohnmobil-world.de\/wp-content\/uploads\/2021\/12\/IMG_8909-768x576.jpg 768w, https:\/\/www.wohnmobil-world.de\/wp-content\/uploads\/2021\/12\/IMG_8909-120x90.jpg 120w, https:\/\/www.wohnmobil-world.de\/wp-content\/uploads\/2021\/12\/IMG_8909.jpg 1000w\" sizes=\"auto, (max-width: 300px) 100vw, 300px\" \/><\/a> <a href=\"https:\/\/www.wohnmobil-world.de\/wp-content\/uploads\/2021\/12\/IMG_8908.jpg\"><img loading=\"lazy\" decoding=\"async\" class=\"alignnone size-medium wp-image-1483\" src=\"https:\/\/www.wohnmobil-world.de\/wp-content\/uploads\/2021\/12\/IMG_8908-300x225.jpg\" alt=\"\" width=\"300\" height=\"225\" srcset=\"https:\/\/www.wohnmobil-world.de\/wp-content\/uploads\/2021\/12\/IMG_8908-300x225.jpg 300w, https:\/\/www.wohnmobil-world.de\/wp-content\/uploads\/2021\/12\/IMG_8908-768x576.jpg 768w, https:\/\/www.wohnmobil-world.de\/wp-content\/uploads\/2021\/12\/IMG_8908-120x90.jpg 120w, https:\/\/www.wohnmobil-world.de\/wp-content\/uploads\/2021\/12\/IMG_8908.jpg 1000w\" sizes=\"auto, (max-width: 300px) 100vw, 300px\" \/><\/a><\/p>\n<p>&nbsp;<\/p>\n<p><span dir=\"ltr\" role=\"presentation\">Die Innovans haben alle einen 100-Liter-<strong>Frischwassertank<\/strong> unter dem <span class=\"vm-hook-outer vm-hook-default\"><span class=\"vm-hook\">Fahrzeug.<\/span><\/span> Dadurch gewinnt man im Heck deutlich mehr Stauraum. Au\u00dferdem ist der Tank f\u00fcr das Wintercampen isoliert und beheizt. Der Abwassertank fasst 90 Liter und l\u00e4sst sich, gegen Aufpreis, ebenso beheizen und isoliert bestellen. Dann wandert der\u00a0 Tank ebenso unterflur. Serienm\u00e4\u00dfig sind die Innovans mit einer Truma-Combi-4-Gasheizung ausgestattet, gegen Aufpreis ist eine <strong>Dieselheizung<\/strong> bestellbar.<\/span><\/p>\n<p><span dir=\"ltr\" role=\"presentation\">Der beiden k\u00fcrzeren Varianten Innovan 540\/600 sind 3,3-Tonner, die optional auf 3,5 Tonnen auflastbar sind. Der Innovan 640 darf serienm\u00e4\u00dfig 3,5 Tonnen wiegen.<br \/>\n<\/span><\/p>\n<p>&nbsp;<\/p>\n<p>Preislich beginnt der Innovan als &#8222;540er&#8220; ab rund 41.100 Euro.<\/p>\n<p>&nbsp;<\/p>\n<p>&nbsp;<\/p>\n","protected":false},"excerpt":{"rendered":"<p>An &#8222;Camping-Einsteiger&#8220; richtet sich das neue Einstiegsmodell &#8222;Innovan&#8220; von LMC. Das kompakteste Fahrzeug der Produktpalette paart Dynamik mit sportlichem Design, bleibt aber doch auch ganz klassisch. Dabei ist es preislich sehr attraktiv. Der Innovan ist in drei Grundrissvarianten erh\u00e4ltlich, als 540er, als 600er und als 640er. Er bietet zwei bis f\u00fcnf Schlafpl\u00e4tze im Doppelbett, Einzelbett&hellip;<\/p>\n","protected":false},"author":2,"featured_media":1470,"comment_status":"closed","ping_status":"closed","sticky":false,"template":"","format":"standard","meta":{"_crdt_document":"","_exactmetrics_skip_tracking":false,"_exactmetrics_sitenote_active":false,"_exactmetrics_sitenote_note":"","_exactmetrics_sitenote_category":0,"footnotes":""},"categories":[105,28,16,20],"tags":[73,55,27,86,25],"class_list":["post-1455","post","type-post","status-publish","format-standard","has-post-thumbnail","hentry","category-campervan","category-fahrbericht","category-lmc","category-news","tag-campervan","tag-campervanlife","tag-fahrbericht","tag-lmc","tag-test"],"yoast_head":"<!-- This site is optimized with the Yoast SEO plugin v27.5 - https:\/\/yoast.com\/product\/yoast-seo-wordpress\/ -->\n<title>Der neue LMC Innovan 640 - Der erste Campervan von LMC - Wohnmobil-world.de<\/title>\n<meta name=\"description\" content=\"Reist mit uns in die gro\u00dfe Welt der beliebtesten Reisemobile in Deutschland, Europa und der Welt. Wir liefern Fahrberichte, Tests und Fakten! Unser Blog: wohnmobil-world.de Facebook: https:\/\/www.facebook.com\/wohnmobilworld Instagram: https:\/\/www.instagram.com\/wohnmobilworld.de\/ Twitter: @wohnmobilD\" \/>\n<meta name=\"robots\" content=\"index, follow, max-snippet:-1, max-image-preview:large, max-video-preview:-1\" \/>\n<link rel=\"canonical\" href=\"https:\/\/www.wohnmobil-world.de\/index.php\/2021\/12\/23\/der-neue-lmc-innovan-640-der-erste-campervan-von-lmc\/\" \/>\n<meta property=\"og:locale\" content=\"de_DE\" \/>\n<meta property=\"og:type\" content=\"article\" \/>\n<meta property=\"og:title\" content=\"Der neue LMC Innovan 640 - Der erste Campervan von LMC - Wohnmobil-world.de\" \/>\n<meta property=\"og:description\" content=\"Reist mit uns in die gro\u00dfe Welt der beliebtesten Reisemobile in Deutschland, Europa und der Welt. Wir liefern Fahrberichte, Tests und Fakten! Unser Blog: wohnmobil-world.de Facebook: https:\/\/www.facebook.com\/wohnmobilworld Instagram: https:\/\/www.instagram.com\/wohnmobilworld.de\/ Twitter: @wohnmobilD\" \/>\n<meta property=\"og:url\" content=\"https:\/\/www.wohnmobil-world.de\/index.php\/2021\/12\/23\/der-neue-lmc-innovan-640-der-erste-campervan-von-lmc\/\" \/>\n<meta property=\"og:site_name\" content=\"Wohnmobil-world.de\" \/>\n<meta property=\"article:publisher\" content=\"https:\/\/www.facebook.com\/wohnmobilworld\/\" \/>\n<meta property=\"article:published_time\" content=\"2021-12-23T12:16:11+00:00\" \/>\n<meta property=\"article:modified_time\" content=\"2024-04-22T12:57:58+00:00\" \/>\n<meta property=\"og:image\" content=\"https:\/\/www.wohnmobil-world.de\/wp-content\/uploads\/2021\/12\/Bildschirmfoto-2022-03-22-um-12.43.17.jpg\" \/>\n\t<meta property=\"og:image:width\" content=\"1000\" \/>\n\t<meta property=\"og:image:height\" content=\"501\" \/>\n\t<meta property=\"og:image:type\" content=\"image\/jpeg\" \/>\n<meta name=\"author\" content=\"Thomas Blachetzki\" \/>\n<meta name=\"twitter:card\" content=\"summary_large_image\" \/>\n<meta name=\"twitter:creator\" content=\"@WohnmobilD\" \/>\n<meta name=\"twitter:site\" content=\"@WohnmobilD\" \/>\n<meta name=\"twitter:label1\" content=\"Verfasst von\" \/>\n\t<meta name=\"twitter:data1\" content=\"Thomas Blachetzki\" \/>\n\t<meta name=\"twitter:label2\" content=\"Gesch\u00e4tzte Lesezeit\" \/>\n\t<meta name=\"twitter:data2\" content=\"6\u00a0Minuten\" \/>\n<script type=\"application\/ld+json\" class=\"yoast-schema-graph\">{\"@context\":\"https:\\\/\\\/schema.org\",\"@graph\":[{\"@type\":\"Article\",\"@id\":\"https:\\\/\\\/www.wohnmobil-world.de\\\/index.php\\\/2021\\\/12\\\/23\\\/der-neue-lmc-innovan-640-der-erste-campervan-von-lmc\\\/#article\",\"isPartOf\":{\"@id\":\"https:\\\/\\\/www.wohnmobil-world.de\\\/index.php\\\/2021\\\/12\\\/23\\\/der-neue-lmc-innovan-640-der-erste-campervan-von-lmc\\\/\"},\"author\":{\"name\":\"Thomas Blachetzki\",\"@id\":\"https:\\\/\\\/www.wohnmobil-world.de\\\/#\\\/schema\\\/person\\\/4fdb7cae886aa04e07cc7e671de66422\"},\"headline\":\"Der neue LMC Innovan 640 &#8211; Der erste Campervan von LMC\",\"datePublished\":\"2021-12-23T12:16:11+00:00\",\"dateModified\":\"2024-04-22T12:57:58+00:00\",\"mainEntityOfPage\":{\"@id\":\"https:\\\/\\\/www.wohnmobil-world.de\\\/index.php\\\/2021\\\/12\\\/23\\\/der-neue-lmc-innovan-640-der-erste-campervan-von-lmc\\\/\"},\"wordCount\":501,\"publisher\":{\"@id\":\"https:\\\/\\\/www.wohnmobil-world.de\\\/#organization\"},\"image\":{\"@id\":\"https:\\\/\\\/www.wohnmobil-world.de\\\/index.php\\\/2021\\\/12\\\/23\\\/der-neue-lmc-innovan-640-der-erste-campervan-von-lmc\\\/#primaryimage\"},\"thumbnailUrl\":\"https:\\\/\\\/www.wohnmobil-world.de\\\/wp-content\\\/uploads\\\/2021\\\/12\\\/Bildschirmfoto-2022-03-22-um-12.43.17.jpg\",\"keywords\":[\"campervan\",\"Campervanlife\",\"fahrbericht\",\"LMC\",\"test\"],\"articleSection\":[\"Campervan\",\"Fahrbericht\",\"LMC\",\"News\"],\"inLanguage\":\"de\"},{\"@type\":\"WebPage\",\"@id\":\"https:\\\/\\\/www.wohnmobil-world.de\\\/index.php\\\/2021\\\/12\\\/23\\\/der-neue-lmc-innovan-640-der-erste-campervan-von-lmc\\\/\",\"url\":\"https:\\\/\\\/www.wohnmobil-world.de\\\/index.php\\\/2021\\\/12\\\/23\\\/der-neue-lmc-innovan-640-der-erste-campervan-von-lmc\\\/\",\"name\":\"Der neue LMC Innovan 640 - Der erste Campervan von LMC - Wohnmobil-world.de\",\"isPartOf\":{\"@id\":\"https:\\\/\\\/www.wohnmobil-world.de\\\/#website\"},\"primaryImageOfPage\":{\"@id\":\"https:\\\/\\\/www.wohnmobil-world.de\\\/index.php\\\/2021\\\/12\\\/23\\\/der-neue-lmc-innovan-640-der-erste-campervan-von-lmc\\\/#primaryimage\"},\"image\":{\"@id\":\"https:\\\/\\\/www.wohnmobil-world.de\\\/index.php\\\/2021\\\/12\\\/23\\\/der-neue-lmc-innovan-640-der-erste-campervan-von-lmc\\\/#primaryimage\"},\"thumbnailUrl\":\"https:\\\/\\\/www.wohnmobil-world.de\\\/wp-content\\\/uploads\\\/2021\\\/12\\\/Bildschirmfoto-2022-03-22-um-12.43.17.jpg\",\"datePublished\":\"2021-12-23T12:16:11+00:00\",\"dateModified\":\"2024-04-22T12:57:58+00:00\",\"description\":\"Reist mit uns in die gro\u00dfe Welt der beliebtesten Reisemobile in Deutschland, Europa und der Welt. Wir liefern Fahrberichte, Tests und Fakten! Unser Blog: wohnmobil-world.de Facebook: https:\\\/\\\/www.facebook.com\\\/wohnmobilworld Instagram: https:\\\/\\\/www.instagram.com\\\/wohnmobilworld.de\\\/ Twitter: @wohnmobilD\",\"breadcrumb\":{\"@id\":\"https:\\\/\\\/www.wohnmobil-world.de\\\/index.php\\\/2021\\\/12\\\/23\\\/der-neue-lmc-innovan-640-der-erste-campervan-von-lmc\\\/#breadcrumb\"},\"inLanguage\":\"de\",\"potentialAction\":[{\"@type\":\"ReadAction\",\"target\":[\"https:\\\/\\\/www.wohnmobil-world.de\\\/index.php\\\/2021\\\/12\\\/23\\\/der-neue-lmc-innovan-640-der-erste-campervan-von-lmc\\\/\"]}]},{\"@type\":\"ImageObject\",\"inLanguage\":\"de\",\"@id\":\"https:\\\/\\\/www.wohnmobil-world.de\\\/index.php\\\/2021\\\/12\\\/23\\\/der-neue-lmc-innovan-640-der-erste-campervan-von-lmc\\\/#primaryimage\",\"url\":\"https:\\\/\\\/www.wohnmobil-world.de\\\/wp-content\\\/uploads\\\/2021\\\/12\\\/Bildschirmfoto-2022-03-22-um-12.43.17.jpg\",\"contentUrl\":\"https:\\\/\\\/www.wohnmobil-world.de\\\/wp-content\\\/uploads\\\/2021\\\/12\\\/Bildschirmfoto-2022-03-22-um-12.43.17.jpg\",\"width\":1000,\"height\":501},{\"@type\":\"BreadcrumbList\",\"@id\":\"https:\\\/\\\/www.wohnmobil-world.de\\\/index.php\\\/2021\\\/12\\\/23\\\/der-neue-lmc-innovan-640-der-erste-campervan-von-lmc\\\/#breadcrumb\",\"itemListElement\":[{\"@type\":\"ListItem\",\"position\":1,\"name\":\"Startseite\",\"item\":\"https:\\\/\\\/www.wohnmobil-world.de\\\/\"},{\"@type\":\"ListItem\",\"position\":2,\"name\":\"Der neue LMC Innovan 640 &#8211; Der erste Campervan von LMC\"}]},{\"@type\":\"WebSite\",\"@id\":\"https:\\\/\\\/www.wohnmobil-world.de\\\/#website\",\"url\":\"https:\\\/\\\/www.wohnmobil-world.de\\\/\",\"name\":\"Wohnmobil-world.de\",\"description\":\"Alles \u00fcber Wohnmobile und mehr...\",\"publisher\":{\"@id\":\"https:\\\/\\\/www.wohnmobil-world.de\\\/#organization\"},\"potentialAction\":[{\"@type\":\"SearchAction\",\"target\":{\"@type\":\"EntryPoint\",\"urlTemplate\":\"https:\\\/\\\/www.wohnmobil-world.de\\\/?s={search_term_string}\"},\"query-input\":{\"@type\":\"PropertyValueSpecification\",\"valueRequired\":true,\"valueName\":\"search_term_string\"}}],\"inLanguage\":\"de\"},{\"@type\":\"Organization\",\"@id\":\"https:\\\/\\\/www.wohnmobil-world.de\\\/#organization\",\"name\":\"wohnmobil-world.de\",\"url\":\"https:\\\/\\\/www.wohnmobil-world.de\\\/\",\"logo\":{\"@type\":\"ImageObject\",\"inLanguage\":\"de\",\"@id\":\"https:\\\/\\\/www.wohnmobil-world.de\\\/#\\\/schema\\\/logo\\\/image\\\/\",\"url\":\"https:\\\/\\\/www.wohnmobil-world.de\\\/wp-content\\\/uploads\\\/2018\\\/06\\\/Web_Logo_rund_klein.png\",\"contentUrl\":\"https:\\\/\\\/www.wohnmobil-world.de\\\/wp-content\\\/uploads\\\/2018\\\/06\\\/Web_Logo_rund_klein.png\",\"width\":200,\"height\":150,\"caption\":\"wohnmobil-world.de\"},\"image\":{\"@id\":\"https:\\\/\\\/www.wohnmobil-world.de\\\/#\\\/schema\\\/logo\\\/image\\\/\"},\"sameAs\":[\"https:\\\/\\\/www.facebook.com\\\/wohnmobilworld\\\/\",\"https:\\\/\\\/x.com\\\/WohnmobilD\",\"https:\\\/\\\/www.instagram.com\\\/wohnmobilworld.de\\\/\",\"https:\\\/\\\/www.youtube.com\\\/c\\\/wohnmobilworld\"]},{\"@type\":\"Person\",\"@id\":\"https:\\\/\\\/www.wohnmobil-world.de\\\/#\\\/schema\\\/person\\\/4fdb7cae886aa04e07cc7e671de66422\",\"name\":\"Thomas Blachetzki\",\"image\":{\"@type\":\"ImageObject\",\"inLanguage\":\"de\",\"@id\":\"https:\\\/\\\/secure.gravatar.com\\\/avatar\\\/87be5f7f0519dece30edc90624668e740f9b4a8d7086cdefb2f24adbdb04885e?s=96&d=mm&r=g\",\"url\":\"https:\\\/\\\/secure.gravatar.com\\\/avatar\\\/87be5f7f0519dece30edc90624668e740f9b4a8d7086cdefb2f24adbdb04885e?s=96&d=mm&r=g\",\"contentUrl\":\"https:\\\/\\\/secure.gravatar.com\\\/avatar\\\/87be5f7f0519dece30edc90624668e740f9b4a8d7086cdefb2f24adbdb04885e?s=96&d=mm&r=g\",\"caption\":\"Thomas Blachetzki\"},\"url\":\"https:\\\/\\\/www.wohnmobil-world.de\\\/index.php\\\/author\\\/thomas\\\/\"}]}<\/script>\n<!-- \/ Yoast SEO plugin. -->","yoast_head_json":{"title":"Der neue LMC Innovan 640 - Der erste Campervan von LMC - Wohnmobil-world.de","description":"Reist mit uns in die gro\u00dfe Welt der beliebtesten Reisemobile in Deutschland, Europa und der Welt. Wir liefern Fahrberichte, Tests und Fakten! Unser Blog: wohnmobil-world.de Facebook: https:\/\/www.facebook.com\/wohnmobilworld Instagram: https:\/\/www.instagram.com\/wohnmobilworld.de\/ Twitter: @wohnmobilD","robots":{"index":"index","follow":"follow","max-snippet":"max-snippet:-1","max-image-preview":"max-image-preview:large","max-video-preview":"max-video-preview:-1"},"canonical":"https:\/\/www.wohnmobil-world.de\/index.php\/2021\/12\/23\/der-neue-lmc-innovan-640-der-erste-campervan-von-lmc\/","og_locale":"de_DE","og_type":"article","og_title":"Der neue LMC Innovan 640 - Der erste Campervan von LMC - Wohnmobil-world.de","og_description":"Reist mit uns in die gro\u00dfe Welt der beliebtesten Reisemobile in Deutschland, Europa und der Welt. Wir liefern Fahrberichte, Tests und Fakten! Unser Blog: wohnmobil-world.de Facebook: https:\/\/www.facebook.com\/wohnmobilworld Instagram: https:\/\/www.instagram.com\/wohnmobilworld.de\/ Twitter: @wohnmobilD","og_url":"https:\/\/www.wohnmobil-world.de\/index.php\/2021\/12\/23\/der-neue-lmc-innovan-640-der-erste-campervan-von-lmc\/","og_site_name":"Wohnmobil-world.de","article_publisher":"https:\/\/www.facebook.com\/wohnmobilworld\/","article_published_time":"2021-12-23T12:16:11+00:00","article_modified_time":"2024-04-22T12:57:58+00:00","og_image":[{"width":1000,"height":501,"url":"https:\/\/www.wohnmobil-world.de\/wp-content\/uploads\/2021\/12\/Bildschirmfoto-2022-03-22-um-12.43.17.jpg","type":"image\/jpeg"}],"author":"Thomas Blachetzki","twitter_card":"summary_large_image","twitter_creator":"@WohnmobilD","twitter_site":"@WohnmobilD","twitter_misc":{"Verfasst von":"Thomas Blachetzki","Gesch\u00e4tzte Lesezeit":"6\u00a0Minuten"},"schema":{"@context":"https:\/\/schema.org","@graph":[{"@type":"Article","@id":"https:\/\/www.wohnmobil-world.de\/index.php\/2021\/12\/23\/der-neue-lmc-innovan-640-der-erste-campervan-von-lmc\/#article","isPartOf":{"@id":"https:\/\/www.wohnmobil-world.de\/index.php\/2021\/12\/23\/der-neue-lmc-innovan-640-der-erste-campervan-von-lmc\/"},"author":{"name":"Thomas Blachetzki","@id":"https:\/\/www.wohnmobil-world.de\/#\/schema\/person\/4fdb7cae886aa04e07cc7e671de66422"},"headline":"Der neue LMC Innovan 640 &#8211; Der erste Campervan von LMC","datePublished":"2021-12-23T12:16:11+00:00","dateModified":"2024-04-22T12:57:58+00:00","mainEntityOfPage":{"@id":"https:\/\/www.wohnmobil-world.de\/index.php\/2021\/12\/23\/der-neue-lmc-innovan-640-der-erste-campervan-von-lmc\/"},"wordCount":501,"publisher":{"@id":"https:\/\/www.wohnmobil-world.de\/#organization"},"image":{"@id":"https:\/\/www.wohnmobil-world.de\/index.php\/2021\/12\/23\/der-neue-lmc-innovan-640-der-erste-campervan-von-lmc\/#primaryimage"},"thumbnailUrl":"https:\/\/www.wohnmobil-world.de\/wp-content\/uploads\/2021\/12\/Bildschirmfoto-2022-03-22-um-12.43.17.jpg","keywords":["campervan","Campervanlife","fahrbericht","LMC","test"],"articleSection":["Campervan","Fahrbericht","LMC","News"],"inLanguage":"de"},{"@type":"WebPage","@id":"https:\/\/www.wohnmobil-world.de\/index.php\/2021\/12\/23\/der-neue-lmc-innovan-640-der-erste-campervan-von-lmc\/","url":"https:\/\/www.wohnmobil-world.de\/index.php\/2021\/12\/23\/der-neue-lmc-innovan-640-der-erste-campervan-von-lmc\/","name":"Der neue LMC Innovan 640 - Der erste Campervan von LMC - Wohnmobil-world.de","isPartOf":{"@id":"https:\/\/www.wohnmobil-world.de\/#website"},"primaryImageOfPage":{"@id":"https:\/\/www.wohnmobil-world.de\/index.php\/2021\/12\/23\/der-neue-lmc-innovan-640-der-erste-campervan-von-lmc\/#primaryimage"},"image":{"@id":"https:\/\/www.wohnmobil-world.de\/index.php\/2021\/12\/23\/der-neue-lmc-innovan-640-der-erste-campervan-von-lmc\/#primaryimage"},"thumbnailUrl":"https:\/\/www.wohnmobil-world.de\/wp-content\/uploads\/2021\/12\/Bildschirmfoto-2022-03-22-um-12.43.17.jpg","datePublished":"2021-12-23T12:16:11+00:00","dateModified":"2024-04-22T12:57:58+00:00","description":"Reist mit uns in die gro\u00dfe Welt der beliebtesten Reisemobile in Deutschland, Europa und der Welt. Wir liefern Fahrberichte, Tests und Fakten! Unser Blog: wohnmobil-world.de Facebook: https:\/\/www.facebook.com\/wohnmobilworld Instagram: https:\/\/www.instagram.com\/wohnmobilworld.de\/ Twitter: @wohnmobilD","breadcrumb":{"@id":"https:\/\/www.wohnmobil-world.de\/index.php\/2021\/12\/23\/der-neue-lmc-innovan-640-der-erste-campervan-von-lmc\/#breadcrumb"},"inLanguage":"de","potentialAction":[{"@type":"ReadAction","target":["https:\/\/www.wohnmobil-world.de\/index.php\/2021\/12\/23\/der-neue-lmc-innovan-640-der-erste-campervan-von-lmc\/"]}]},{"@type":"ImageObject","inLanguage":"de","@id":"https:\/\/www.wohnmobil-world.de\/index.php\/2021\/12\/23\/der-neue-lmc-innovan-640-der-erste-campervan-von-lmc\/#primaryimage","url":"https:\/\/www.wohnmobil-world.de\/wp-content\/uploads\/2021\/12\/Bildschirmfoto-2022-03-22-um-12.43.17.jpg","contentUrl":"https:\/\/www.wohnmobil-world.de\/wp-content\/uploads\/2021\/12\/Bildschirmfoto-2022-03-22-um-12.43.17.jpg","width":1000,"height":501},{"@type":"BreadcrumbList","@id":"https:\/\/www.wohnmobil-world.de\/index.php\/2021\/12\/23\/der-neue-lmc-innovan-640-der-erste-campervan-von-lmc\/#breadcrumb","itemListElement":[{"@type":"ListItem","position":1,"name":"Startseite","item":"https:\/\/www.wohnmobil-world.de\/"},{"@type":"ListItem","position":2,"name":"Der neue LMC Innovan 640 &#8211; Der erste Campervan von LMC"}]},{"@type":"WebSite","@id":"https:\/\/www.wohnmobil-world.de\/#website","url":"https:\/\/www.wohnmobil-world.de\/","name":"Wohnmobil-world.de","description":"Alles \u00fcber Wohnmobile und mehr...","publisher":{"@id":"https:\/\/www.wohnmobil-world.de\/#organization"},"potentialAction":[{"@type":"SearchAction","target":{"@type":"EntryPoint","urlTemplate":"https:\/\/www.wohnmobil-world.de\/?s={search_term_string}"},"query-input":{"@type":"PropertyValueSpecification","valueRequired":true,"valueName":"search_term_string"}}],"inLanguage":"de"},{"@type":"Organization","@id":"https:\/\/www.wohnmobil-world.de\/#organization","name":"wohnmobil-world.de","url":"https:\/\/www.wohnmobil-world.de\/","logo":{"@type":"ImageObject","inLanguage":"de","@id":"https:\/\/www.wohnmobil-world.de\/#\/schema\/logo\/image\/","url":"https:\/\/www.wohnmobil-world.de\/wp-content\/uploads\/2018\/06\/Web_Logo_rund_klein.png","contentUrl":"https:\/\/www.wohnmobil-world.de\/wp-content\/uploads\/2018\/06\/Web_Logo_rund_klein.png","width":200,"height":150,"caption":"wohnmobil-world.de"},"image":{"@id":"https:\/\/www.wohnmobil-world.de\/#\/schema\/logo\/image\/"},"sameAs":["https:\/\/www.facebook.com\/wohnmobilworld\/","https:\/\/x.com\/WohnmobilD","https:\/\/www.instagram.com\/wohnmobilworld.de\/","https:\/\/www.youtube.com\/c\/wohnmobilworld"]},{"@type":"Person","@id":"https:\/\/www.wohnmobil-world.de\/#\/schema\/person\/4fdb7cae886aa04e07cc7e671de66422","name":"Thomas Blachetzki","image":{"@type":"ImageObject","inLanguage":"de","@id":"https:\/\/secure.gravatar.com\/avatar\/87be5f7f0519dece30edc90624668e740f9b4a8d7086cdefb2f24adbdb04885e?s=96&d=mm&r=g","url":"https:\/\/secure.gravatar.com\/avatar\/87be5f7f0519dece30edc90624668e740f9b4a8d7086cdefb2f24adbdb04885e?s=96&d=mm&r=g","contentUrl":"https:\/\/secure.gravatar.com\/avatar\/87be5f7f0519dece30edc90624668e740f9b4a8d7086cdefb2f24adbdb04885e?s=96&d=mm&r=g","caption":"Thomas Blachetzki"},"url":"https:\/\/www.wohnmobil-world.de\/index.php\/author\/thomas\/"}]}},"_links":{"self":[{"href":"https:\/\/www.wohnmobil-world.de\/index.php\/wp-json\/wp\/v2\/posts\/1455","targetHints":{"allow":["GET"]}}],"collection":[{"href":"https:\/\/www.wohnmobil-world.de\/index.php\/wp-json\/wp\/v2\/posts"}],"about":[{"href":"https:\/\/www.wohnmobil-world.de\/index.php\/wp-json\/wp\/v2\/types\/post"}],"author":[{"embeddable":true,"href":"https:\/\/www.wohnmobil-world.de\/index.php\/wp-json\/wp\/v2\/users\/2"}],"replies":[{"embeddable":true,"href":"https:\/\/www.wohnmobil-world.de\/index.php\/wp-json\/wp\/v2\/comments?post=1455"}],"version-history":[{"count":15,"href":"https:\/\/www.wohnmobil-world.de\/index.php\/wp-json\/wp\/v2\/posts\/1455\/revisions"}],"predecessor-version":[{"id":1606,"href":"https:\/\/www.wohnmobil-world.de\/index.php\/wp-json\/wp\/v2\/posts\/1455\/revisions\/1606"}],"wp:featuredmedia":[{"embeddable":true,"href":"https:\/\/www.wohnmobil-world.de\/index.php\/wp-json\/wp\/v2\/media\/1470"}],"wp:attachment":[{"href":"https:\/\/www.wohnmobil-world.de\/index.php\/wp-json\/wp\/v2\/media?parent=1455"}],"wp:term":[{"taxonomy":"category","embeddable":true,"href":"https:\/\/www.wohnmobil-world.de\/index.php\/wp-json\/wp\/v2\/categories?post=1455"},{"taxonomy":"post_tag","embeddable":true,"href":"https:\/\/www.wohnmobil-world.de\/index.php\/wp-json\/wp\/v2\/tags?post=1455"}],"curies":[{"name":"wp","href":"https:\/\/api.w.org\/{rel}","templated":true}]}}